{"id":53261,"date":"2023-03-26T16:22:18","date_gmt":"2023-03-26T22:22:18","guid":{"rendered":"http:\/\/www.zonaroja.com.mx\/?p=53261"},"modified":"2023-03-26T16:22:19","modified_gmt":"2023-03-26T22:22:19","slug":"violencia-por-conflicto-postelectoral-deja-un-muerto-y-tres-desaparecidos-en-yaitepec","status":"publish","type":"post","link":"https:\/\/zonaroja.com.mx\/?p=53261","title":{"rendered":"Violencia por conflicto postelectoral deja un muerto y tres desaparecidos en Yaitepec"},"content":{"rendered":"\n<p>Ismael Garc\u00eda M.\/Zona Roja.<\/p>\n\n\n\n<p>Oaxaca de Ju\u00e1rez, Oax., a 26 de marzo de 2023.- Una persona fallecida y al menos tres lesionadas es el saldo de un enfrentamiento entre pobladores de Santiago Yaitepec, municipio de la regi\u00f3n Costa de Oaxaca.&nbsp;<\/p>\n\n\n\n<p>De acuerdo con reportes policiacos preliminares, los hechos sucedieron este domingo, en que un grupo armado lleg\u00f3 a desalojar una asamblea.&nbsp;<\/p>\n\n\n\n<p>Familiares de las v\u00edctimas y opositores al actual edil, Rigoberto Vel\u00e1squez, culparon a la Secretar\u00eda de Gobierno (Sego) de desatender la problem\u00e1tica, lo cual gener\u00f3 los hechos violentos.&nbsp;<\/p>\n\n\n\n<p>La v\u00edctima fue identificada de manera preliminar como P\u00e1nfilo Peralta, ultimado presuntamente por seguidores del edil Rigoberto V\u00e1squez.&nbsp;<\/p>\n\n\n\n<p>En tanto que, seg\u00fan los datos proporcionados, los desaparecidos fueron identificados como Domingo P\u00e9rez, Bonifacio Carmona y Justino Dom\u00ednguez.<\/p>\n\n\n\n<p>Los inconformes contra el presidente municipal demandaron la intervenci\u00f3n directa del gobernador Salom\u00f3n Jara Cruz y del Presidente de M\u00e9xico, Andr\u00e9s Manuel L\u00f3pez Obrador, antes de que el conflicto escale y deje m\u00e1s v\u00edctimas.<\/p>\n","protected":false},"excerpt":{"rendered":"<p>Ismael Garc\u00eda M.\/Zona Roja. Oaxaca de Ju\u00e1rez, Oax., a 26 de marzo de 2023.- Una&hellip;<\/p>\n","protected":false},"author":2,"featured_media":53260,"comment_status":"closed","ping_status":"open","sticky":false,"template":"","format":"standard","meta":{"_lmt_disableupdate":"","_lmt_disable":"","_jetpack_memberships_contains_paid_content":false,"footnotes":""},"categories":[109,51],"tags":[],"class_list":["post-53261","post","type-post","status-publish","format-standard","has-post-thumbnail","hentry","category-minuto-a-minuto","category-zona-roja"],"jetpack_featured_media_url":"https:\/\/zonaroja.com.mx\/wp-content\/uploads\/2023\/03\/3fc469c9-1ec2-4be4-9233-ee514cc69cf1.jpg","jetpack_sharing_enabled":true,"_links":{"self":[{"href":"https:\/\/zonaroja.com.mx\/index.php?rest_route=\/wp\/v2\/posts\/53261","targetHints":{"allow":["GET"]}}],"collection":[{"href":"https:\/\/zonaroja.com.mx\/index.php?rest_route=\/wp\/v2\/posts"}],"about":[{"href":"https:\/\/zonaroja.com.mx\/index.php?rest_route=\/wp\/v2\/types\/post"}],"author":[{"embeddable":true,"href":"https:\/\/zonaroja.com.mx\/index.php?rest_route=\/wp\/v2\/users\/2"}],"replies":[{"embeddable":true,"href":"https:\/\/zonaroja.com.mx\/index.php?rest_route=%2Fwp%2Fv2%2Fcomments&post=53261"}],"version-history":[{"count":1,"href":"https:\/\/zonaroja.com.mx\/index.php?rest_route=\/wp\/v2\/posts\/53261\/revisions"}],"predecessor-version":[{"id":53262,"href":"https:\/\/zonaroja.com.mx\/index.php?rest_route=\/wp\/v2\/posts\/53261\/revisions\/53262"}],"wp:featuredmedia":[{"embeddable":true,"href":"https:\/\/zonaroja.com.mx\/index.php?rest_route=\/wp\/v2\/media\/53260"}],"wp:attachment":[{"href":"https:\/\/zonaroja.com.mx\/index.php?rest_route=%2Fwp%2Fv2%2Fmedia&parent=53261"}],"wp:term":[{"taxonomy":"category","embeddable":true,"href":"https:\/\/zonaroja.com.mx\/index.php?rest_route=%2Fwp%2Fv2%2Fcategories&post=53261"},{"taxonomy":"post_tag","embeddable":true,"href":"https:\/\/zonaroja.com.mx\/index.php?rest_route=%2Fwp%2Fv2%2Ftags&post=53261"}],"curies":[{"name":"wp","href":"https:\/\/api.w.org\/{rel}","templated":true}]}}