{"id":53264,"date":"2023-03-26T18:09:56","date_gmt":"2023-03-27T00:09:56","guid":{"rendered":"http:\/\/www.zonaroja.com.mx\/?p=53264"},"modified":"2023-03-26T18:10:07","modified_gmt":"2023-03-27T00:10:07","slug":"rumbo-a-espana-basquetbolista-oaxaqueno-que-representara-a-mexico","status":"publish","type":"post","link":"https:\/\/zonaroja.com.mx\/?p=53264","title":{"rendered":"Rumbo a Espa\u00f1a, basquetbolista oaxaque\u00f1o que representar\u00e1 a M\u00e9xico"},"content":{"rendered":"\n<p>Yuridiana Sosa\/Zona Roja.<\/p>\n\n\n\n<p>Oaxaca de Ju\u00e1rez, Oax., a 25 de marzo de 2023.- Por su talento, trabajo, entrega y pasi\u00f3n por el basquetbol, el adolescente originario de Tuxtepec Alex Yamil Nolasco Jaime, fue calificado como uno de los mejores de M\u00e9xico para representar al pa\u00eds en el Torneo Mundial de Clubes Globasket 2023 en Barcelona, Espa\u00f1a.<\/p>\n\n\n\n<p>Para poder cumplir esta primera meta, el joven junto a su familia tambi\u00e9n se esforz\u00f3 para la recaudaci\u00f3n de recursos realizando diversas actividades, entre las que destacan la venta de llaveros por 50 pesos en diversos comercios que se sumaron a la causa en su natal Tuxtepec, en la regi\u00f3n de la Cuenca.<\/p>\n\n\n\n<p>El Mundial de Clubes Globasket se realizar\u00e1 del 29 de marzo al 8 de abril, donde junto a los seleccionados mexicanos pondr\u00e1n en alto el nombre de sus estados y del pa\u00eds.<\/p>\n\n\n\n<p>Alex Yamil Nolasco Jaime recibi\u00f3 desde noviembre de 2022 la invitaci\u00f3n a formar parte de la Selecci\u00f3n por la Liga Nacional de Clubes Amateur de Basquetbol MX (LNCABM), tras lo cual particip\u00f3 en la segunda concentraci\u00f3n de basquetbolistas en las instalaciones del Comit\u00e9 Ol\u00edmpico Mexicano en la ciudad de M\u00e9xico, en febrero.<\/p>\n\n\n\n<p>El joven deportista de 16 a\u00f1os de edad es integrante del club Jaguares de San Bartolo y comenz\u00f3 a practicar el basquetbol a los nueve a\u00f1os, logrando importantes metas y destacando por su talento que hoy lo llevan a la representaci\u00f3n nacional.<\/p>\n\n\n\n<p>Los interesados en hacer crecer el apoyo econ\u00f3mico para Alex Nolasco pueden hacer comunicaci\u00f3n al tel\u00e9fono de sus entrenadores, Jos\u00e9 Nolasco y Erick Sarmiento, 2871233858.<\/p>\n","protected":false},"excerpt":{"rendered":"<p>Yuridiana Sosa\/Zona Roja. Oaxaca de Ju\u00e1rez, Oax., a 25 de marzo de 2023.- Por su&hellip;<\/p>\n","protected":false},"author":2,"featured_media":53263,"comment_status":"closed","ping_status":"open","sticky":false,"template":"","format":"standard","meta":{"_lmt_disableupdate":"","_lmt_disable":"","_jetpack_memberships_contains_paid_content":false,"footnotes":""},"categories":[109,46],"tags":[],"class_list":["post-53264","post","type-post","status-publish","format-standard","has-post-thumbnail","hentry","category-minuto-a-minuto","category-zona-blanca"],"jetpack_featured_media_url":"https:\/\/zonaroja.com.mx\/wp-content\/uploads\/2023\/03\/1.jpg","jetpack_sharing_enabled":true,"_links":{"self":[{"href":"https:\/\/zonaroja.com.mx\/index.php?rest_route=\/wp\/v2\/posts\/53264","targetHints":{"allow":["GET"]}}],"collection":[{"href":"https:\/\/zonaroja.com.mx\/index.php?rest_route=\/wp\/v2\/posts"}],"about":[{"href":"https:\/\/zonaroja.com.mx\/index.php?rest_route=\/wp\/v2\/types\/post"}],"author":[{"embeddable":true,"href":"https:\/\/zonaroja.com.mx\/index.php?rest_route=\/wp\/v2\/users\/2"}],"replies":[{"embeddable":true,"href":"https:\/\/zonaroja.com.mx\/index.php?rest_route=%2Fwp%2Fv2%2Fcomments&post=53264"}],"version-history":[{"count":1,"href":"https:\/\/zonaroja.com.mx\/index.php?rest_route=\/wp\/v2\/posts\/53264\/revisions"}],"predecessor-version":[{"id":53265,"href":"https:\/\/zonaroja.com.mx\/index.php?rest_route=\/wp\/v2\/posts\/53264\/revisions\/53265"}],"wp:featuredmedia":[{"embeddable":true,"href":"https:\/\/zonaroja.com.mx\/index.php?rest_route=\/wp\/v2\/media\/53263"}],"wp:attachment":[{"href":"https:\/\/zonaroja.com.mx\/index.php?rest_route=%2Fwp%2Fv2%2Fmedia&parent=53264"}],"wp:term":[{"taxonomy":"category","embeddable":true,"href":"https:\/\/zonaroja.com.mx\/index.php?rest_route=%2Fwp%2Fv2%2Fcategories&post=53264"},{"taxonomy":"post_tag","embeddable":true,"href":"https:\/\/zonaroja.com.mx\/index.php?rest_route=%2Fwp%2Fv2%2Ftags&post=53264"}],"curies":[{"name":"wp","href":"https:\/\/api.w.org\/{rel}","templated":true}]}}