{"id":53267,"date":"2023-03-26T20:06:44","date_gmt":"2023-03-27T02:06:44","guid":{"rendered":"http:\/\/www.zonaroja.com.mx\/?p=53267"},"modified":"2023-03-26T20:06:46","modified_gmt":"2023-03-27T02:06:46","slug":"inician-las-actividades-por-la-semana-santa-en-xoxocotlan","status":"publish","type":"post","link":"https:\/\/zonaroja.com.mx\/?p=53267","title":{"rendered":"Inician las actividades por la Semana Santa en Xoxocotl\u00e1n"},"content":{"rendered":"\n<p>Redacci\u00f3n\/Zona Roja.<\/p>\n\n\n\n<p>Oaxaca de Ju\u00e1rez, Oax., a 26 de Marzo 2023.- Aqu\u00ed la Semana Santa ya ha comenzado, la tradici\u00f3n se hace presente desde ahora con el cumplimiento al protocolo de presentaci\u00f3n ante la autoridad municipal encabezada por Inocente Castellanos Alejos, de los j\u00f3venes que fungen como ap\u00f3stoles y soldados romanos en las actividades b\u00edblicas de la Semana Santa.<\/p>\n\n\n\n<p>Consciente de que las tradiciones de la comunidad unen a la poblaci\u00f3n y fortalecen su arraigo, el edil acudi\u00f3 puntual a la cita de presentaci\u00f3n y alab\u00f3 el compromiso y dedicaci\u00f3n que asumen los j\u00f3venes participantes para sostener la costumbre que atrae la mirada de propios y visitantes.<\/p>\n\n\n\n<p>\u201cMe siento muy conmovido con la presencia y participaci\u00f3n de todos ustedes, porque m\u00e1s all\u00e1 de la tradici\u00f3n, s\u00e9 que cumplen con un deber moral que tras de s\u00ed tiene una historia que guardan en su coraz\u00f3n y ese deber se convierte en una aportaci\u00f3n que da fuerza a una actividad que contribuye a poner los ojos del turismo cat\u00f3lico en nuestro municipio\u201d, manifest\u00f3.<\/p>\n\n\n\n<p>Durante el encuentro la autoridad municipal reiter\u00f3 su respaldo a las actividades organizadas con motivo de la Semana Mayor y el cumplimiento de las costumbres de Santa Cruz Xoxocotl\u00e1n.<\/p>\n\n\n\n<p>Por \u00faltimo, acordaron protocolos de seguridad para los j\u00f3venes que participan en la representaci\u00f3n, tanto en los ensayos, como en los eventos que participen.<\/p>\n\n\n\n<p>Cabe destacar que en este acto protocolario estuvieron presentes los integrantes del Comit\u00e9 de Festejos Religiosos de la Parroquia de Santa Elena de la Cruz, la cual se alista para recibir al turismo esta temporada.<\/p>\n","protected":false},"excerpt":{"rendered":"<p>Redacci\u00f3n\/Zona Roja. Oaxaca de Ju\u00e1rez, Oax., a 26 de Marzo 2023.- Aqu\u00ed la Semana Santa&hellip;<\/p>\n","protected":false},"author":2,"featured_media":53266,"comment_status":"closed","ping_status":"open","sticky":false,"template":"","format":"standard","meta":{"_lmt_disableupdate":"","_lmt_disable":"","_jetpack_memberships_contains_paid_content":false,"footnotes":""},"categories":[109,46],"tags":[],"class_list":["post-53267","post","type-post","status-publish","format-standard","has-post-thumbnail","hentry","category-minuto-a-minuto","category-zona-blanca"],"jetpack_featured_media_url":"https:\/\/zonaroja.com.mx\/wp-content\/uploads\/2023\/03\/0615e6fe-9e1b-4337-804c-8f68a3777d15.jpg","jetpack_sharing_enabled":true,"_links":{"self":[{"href":"https:\/\/zonaroja.com.mx\/index.php?rest_route=\/wp\/v2\/posts\/53267","targetHints":{"allow":["GET"]}}],"collection":[{"href":"https:\/\/zonaroja.com.mx\/index.php?rest_route=\/wp\/v2\/posts"}],"about":[{"href":"https:\/\/zonaroja.com.mx\/index.php?rest_route=\/wp\/v2\/types\/post"}],"author":[{"embeddable":true,"href":"https:\/\/zonaroja.com.mx\/index.php?rest_route=\/wp\/v2\/users\/2"}],"replies":[{"embeddable":true,"href":"https:\/\/zonaroja.com.mx\/index.php?rest_route=%2Fwp%2Fv2%2Fcomments&post=53267"}],"version-history":[{"count":1,"href":"https:\/\/zonaroja.com.mx\/index.php?rest_route=\/wp\/v2\/posts\/53267\/revisions"}],"predecessor-version":[{"id":53268,"href":"https:\/\/zonaroja.com.mx\/index.php?rest_route=\/wp\/v2\/posts\/53267\/revisions\/53268"}],"wp:featuredmedia":[{"embeddable":true,"href":"https:\/\/zonaroja.com.mx\/index.php?rest_route=\/wp\/v2\/media\/53266"}],"wp:attachment":[{"href":"https:\/\/zonaroja.com.mx\/index.php?rest_route=%2Fwp%2Fv2%2Fmedia&parent=53267"}],"wp:term":[{"taxonomy":"category","embeddable":true,"href":"https:\/\/zonaroja.com.mx\/index.php?rest_route=%2Fwp%2Fv2%2Fcategories&post=53267"},{"taxonomy":"post_tag","embeddable":true,"href":"https:\/\/zonaroja.com.mx\/index.php?rest_route=%2Fwp%2Fv2%2Ftags&post=53267"}],"curies":[{"name":"wp","href":"https:\/\/api.w.org\/{rel}","templated":true}]}}