{"id":5328,"date":"2019-11-01T15:11:03","date_gmt":"2019-11-01T21:11:03","guid":{"rendered":"http:\/\/www.zonaroja.com.mx\/?p=5328"},"modified":"2019-11-01T15:11:07","modified_gmt":"2019-11-01T21:11:07","slug":"sindicatos-piden-mas-recursos-para-universidades-publicas-del-pais","status":"publish","type":"post","link":"https:\/\/zonaroja.com.mx\/?p=5328","title":{"rendered":"Sindicatos piden m\u00e1s recursos para universidades p\u00fablicas del pa\u00eds"},"content":{"rendered":"\n<p>Redacci\u00f3n\/Zona\nRoja.<\/p>\n\n\n\n<p>Ciudad de\nM\u00e9xico, 1 de noviembre de 2019.- Para resolver los problemas estructurales y de\nfinanciamiento que enfrentan las universidades e instituciones de educaci\u00f3n\nsuperior del pa\u00eds, se requiere mayor presupuesto p\u00fablico, pero tambi\u00e9n un\nmanejo racional y eficiente del gasto por parte de las autoridades y rectores,\naseguraron tres de las organizaciones nacionales del sindicalismo\nuniversitario.<\/p>\n\n\n\n<p>Al fijar su\npostura sobre el reciente Encuentro Nacional para el Fortalecimiento de la\nEducaci\u00f3n Superior, efectuado en la capital del pa\u00eds, reconocieron el esfuerzo\npor reunir en un espacio a los diferentes actores involucrados en este tema, a\nfin de analizar la situaci\u00f3n y proponer alternativas. <\/p>\n\n\n\n<p>Sin embargo,\nlamentaron profundamente la ausencia de la Secretar\u00eda de Hacienda y Cr\u00e9dito\nP\u00fablico y de los gobernadores de los estados, dada la relevancia que tienen\nestos actores en la soluci\u00f3n de los problemas educativos.<\/p>\n\n\n\n<p>Dirigentes de la Confederaci\u00f3n Nacional de Sindicatos Universitarios; la Coordinadora Nacional de Sindicatos Universitarios, la Educaci\u00f3n Superior, Investigaci\u00f3n y Cultura, de la Federaci\u00f3n Nacional de Sindicatos Universitarios, que agrupan a 130 gremios, lamentaron que se considere a los trabajadores culpables de la situaci\u00f3n financiera.<\/p>\n\n\n\n<p>(Con informaci\u00f3n de \u00abLa Jornada\u00bb)<\/p>\n","protected":false},"excerpt":{"rendered":"<p>Redacci\u00f3n\/Zona Roja. Ciudad de M\u00e9xico, 1 de noviembre de 2019.- Para resolver los problemas estructurales&hellip;<\/p>\n","protected":false},"author":2,"featured_media":5329,"comment_status":"closed","ping_status":"open","sticky":false,"template":"","format":"standard","meta":{"_lmt_disableupdate":"","_lmt_disable":"","_jetpack_memberships_contains_paid_content":false,"footnotes":""},"categories":[109,46],"tags":[282],"class_list":["post-5328","post","type-post","status-publish","format-standard","has-post-thumbnail","hentry","category-minuto-a-minuto","category-zona-blanca","tag-universidad-autonoma-benito-juarez-de-oaxaca"],"jetpack_featured_media_url":"https:\/\/zonaroja.com.mx\/wp-content\/uploads\/2019\/11\/Reuni\u00f3n-Nacional-Educaci\u00f3n-Superior.jpg","jetpack_sharing_enabled":true,"_links":{"self":[{"href":"https:\/\/zonaroja.com.mx\/index.php?rest_route=\/wp\/v2\/posts\/5328","targetHints":{"allow":["GET"]}}],"collection":[{"href":"https:\/\/zonaroja.com.mx\/index.php?rest_route=\/wp\/v2\/posts"}],"about":[{"href":"https:\/\/zonaroja.com.mx\/index.php?rest_route=\/wp\/v2\/types\/post"}],"author":[{"embeddable":true,"href":"https:\/\/zonaroja.com.mx\/index.php?rest_route=\/wp\/v2\/users\/2"}],"replies":[{"embeddable":true,"href":"https:\/\/zonaroja.com.mx\/index.php?rest_route=%2Fwp%2Fv2%2Fcomments&post=5328"}],"version-history":[{"count":1,"href":"https:\/\/zonaroja.com.mx\/index.php?rest_route=\/wp\/v2\/posts\/5328\/revisions"}],"predecessor-version":[{"id":5330,"href":"https:\/\/zonaroja.com.mx\/index.php?rest_route=\/wp\/v2\/posts\/5328\/revisions\/5330"}],"wp:featuredmedia":[{"embeddable":true,"href":"https:\/\/zonaroja.com.mx\/index.php?rest_route=\/wp\/v2\/media\/5329"}],"wp:attachment":[{"href":"https:\/\/zonaroja.com.mx\/index.php?rest_route=%2Fwp%2Fv2%2Fmedia&parent=5328"}],"wp:term":[{"taxonomy":"category","embeddable":true,"href":"https:\/\/zonaroja.com.mx\/index.php?rest_route=%2Fwp%2Fv2%2Fcategories&post=5328"},{"taxonomy":"post_tag","embeddable":true,"href":"https:\/\/zonaroja.com.mx\/index.php?rest_route=%2Fwp%2Fv2%2Ftags&post=5328"}],"curies":[{"name":"wp","href":"https:\/\/api.w.org\/{rel}","templated":true}]}}