{"id":53285,"date":"2023-03-27T13:29:39","date_gmt":"2023-03-27T19:29:39","guid":{"rendered":"http:\/\/www.zonaroja.com.mx\/?p=53285"},"modified":"2023-03-27T13:29:45","modified_gmt":"2023-03-27T19:29:45","slug":"roja-primavera-otro-asesinato-en-zona-triqui-ahora-en-putla-2","status":"publish","type":"post","link":"https:\/\/zonaroja.com.mx\/?p=53285","title":{"rendered":"\u201cRoja primavera\u201d: otro asesinato en zona Triqui, ahora en Putla"},"content":{"rendered":"\n<p>Ismael Garc\u00eda M.\/Zona Roja.&nbsp;<\/p>\n\n\n\n<p>Oaxaca de Ju\u00e1rez, Oax., a 27 de marzo de 2023.- Mientras contin\u00faan rotas las pl\u00e1ticas para la pacificaci\u00f3n de la zona Triqui de Oaxaca, la ola criminal sigue incesante.<\/p>\n\n\n\n<p>Este lunes, el Movimiento de Unificaci\u00f3n y Lucha Triqui (MULT) denunci\u00f3 el asesinato de uno de sus militantes.&nbsp;<\/p>\n\n\n\n<p>Los hechos sucedieron aproximadamente a las 09:30 en el centro del municipio de Putla Villa de Guerrero, en que ultimaron a Martiniano de Jes\u00fas Osorio, l\u00edder natural de la comunidad de R\u00edo Venado.<\/p>\n\n\n\n<p>\u201cNos preguntamos, \u00bfcu\u00e1ntos muertos m\u00e1s necesita el Gobierno del Estado para detener la violencia contra nuestros compa\u00f1eros?\u201d, denunci\u00f3 la organizaci\u00f3n social en un comunicado.&nbsp;<\/p>\n\n\n\n<p>Demand\u00f3 \u201cen\u00e9rgicamente\u201d a los gobiernos estatal, federal y municipal el pronto esclarecimiento del asesinato, que se suma a otros cr\u00edmenes impunes perpetrados en contra de miembros de esa organizaci\u00f3n.<\/p>\n\n\n\n<p>Sostuvo que por su parte siguen apostando por la paz y rechazan la violencia venga de donde venga; \u201cpedimos a nuestros compa\u00f1eros del movimiento social a pronunciarse por el esclarecimiento de los cr\u00edmenes contra los integrantes de la naci\u00f3n Triqui\u201d.<\/p>\n\n\n\n<p>El crimen ocurri\u00f3 en la calle de Sonora esquina Guanajuato, en el centro de Putla, y pese a la hora, no hab\u00eda polic\u00edas en la zona, por lo cual el o los agresores pudieron escapar. <\/p>\n","protected":false},"excerpt":{"rendered":"<p>Ismael Garc\u00eda M.\/Zona Roja.&nbsp; Oaxaca de Ju\u00e1rez, Oax., a 27 de marzo de 2023.- Mientras&hellip;<\/p>\n","protected":false},"author":2,"featured_media":53282,"comment_status":"closed","ping_status":"open","sticky":false,"template":"","format":"standard","meta":{"_lmt_disableupdate":"","_lmt_disable":"","_jetpack_memberships_contains_paid_content":false,"footnotes":""},"categories":[109,51],"tags":[],"class_list":["post-53285","post","type-post","status-publish","format-standard","has-post-thumbnail","hentry","category-minuto-a-minuto","category-zona-roja"],"jetpack_featured_media_url":"https:\/\/zonaroja.com.mx\/wp-content\/uploads\/2023\/03\/img_6717.jpg","jetpack_sharing_enabled":true,"_links":{"self":[{"href":"https:\/\/zonaroja.com.mx\/index.php?rest_route=\/wp\/v2\/posts\/53285","targetHints":{"allow":["GET"]}}],"collection":[{"href":"https:\/\/zonaroja.com.mx\/index.php?rest_route=\/wp\/v2\/posts"}],"about":[{"href":"https:\/\/zonaroja.com.mx\/index.php?rest_route=\/wp\/v2\/types\/post"}],"author":[{"embeddable":true,"href":"https:\/\/zonaroja.com.mx\/index.php?rest_route=\/wp\/v2\/users\/2"}],"replies":[{"embeddable":true,"href":"https:\/\/zonaroja.com.mx\/index.php?rest_route=%2Fwp%2Fv2%2Fcomments&post=53285"}],"version-history":[{"count":1,"href":"https:\/\/zonaroja.com.mx\/index.php?rest_route=\/wp\/v2\/posts\/53285\/revisions"}],"predecessor-version":[{"id":53286,"href":"https:\/\/zonaroja.com.mx\/index.php?rest_route=\/wp\/v2\/posts\/53285\/revisions\/53286"}],"wp:featuredmedia":[{"embeddable":true,"href":"https:\/\/zonaroja.com.mx\/index.php?rest_route=\/wp\/v2\/media\/53282"}],"wp:attachment":[{"href":"https:\/\/zonaroja.com.mx\/index.php?rest_route=%2Fwp%2Fv2%2Fmedia&parent=53285"}],"wp:term":[{"taxonomy":"category","embeddable":true,"href":"https:\/\/zonaroja.com.mx\/index.php?rest_route=%2Fwp%2Fv2%2Fcategories&post=53285"},{"taxonomy":"post_tag","embeddable":true,"href":"https:\/\/zonaroja.com.mx\/index.php?rest_route=%2Fwp%2Fv2%2Ftags&post=53285"}],"curies":[{"name":"wp","href":"https:\/\/api.w.org\/{rel}","templated":true}]}}