{"id":53288,"date":"2023-03-27T15:59:31","date_gmt":"2023-03-27T21:59:31","guid":{"rendered":"http:\/\/www.zonaroja.com.mx\/?p=53288"},"modified":"2023-03-27T21:04:34","modified_gmt":"2023-03-28T03:04:34","slug":"demandan-renuncia-de-funcionario-borracho-y-acosador-del-gobierno-de-jara","status":"publish","type":"post","link":"https:\/\/zonaroja.com.mx\/?p=53288","title":{"rendered":"Demandan renuncia de funcionario borracho y acosador del gobierno de Jara"},"content":{"rendered":"\n<p>Yuridiana Sosa\/Zona Roja.<\/p>\n\n\n\n<p>Oaxaca de Ju\u00e1rez, Oax., a 27 de marzo de 2023.- En total estado de ebriedad, y presuntamente en horario laboral, fue exhibido el titular de la Coordinaci\u00f3n de Atenci\u00f3n Regional de Oaxaca, Donato Vargas Jim\u00e9nez \u2014ex part\u00edcipe del grupo de whatsapp \u201cSierra XXX para contenido sexual\u2014, pero pese a su desempe\u00f1o, el gobernador Salom\u00f3n Jara lo defendi\u00f3 por ser \u201ctrabajador\u201d.<\/p>\n\n\n\n<p>Esta es la segunda ocasi\u00f3n en la que el mandatario estatal antepone la supuesta eficacia de Vargas Jim\u00e9nez sobre las acusaciones en su contra, incluso del orden penal por violencia contra las mujeres.<\/p>\n\n\n\n<p>El fin de semana, por medio de redes sociales, se public\u00f3 el video en el que se aprecia al funcionario estatal borracho, en una convivencia en la que se convierte en la burla de los asistentes por su estado de et\u00edlico.&nbsp;<\/p>\n\n\n\n<p>Sin embargo, el Gobernador del Estado ignor\u00f3 el evento que deja entredicho la conducta moral y \u00e9tica de sus funcionarios, pues asegur\u00f3 que como empleado \u201cmuy pocos\u201d como Donato Vargas.<\/p>\n\n\n\n<p>En su conferencia matutina de este lunes, a pregunta expresa sobre el hecho, Jara Cruz dijo: \u201cA Donado le reconozco su trabajo, dedicaci\u00f3n y tiempo completo. Ha estado retenido ocho o 10 veces, cuando va a dialogar\u2026lo retienen siempre porque se atreve a dialogar, a resolver los conflictos en las comunidades\u201d.<\/p>\n\n\n\n<figure class=\"wp-block-embed\"><div class=\"wp-block-embed__wrapper\">\n<div class=\"twitter-tweet\"><blockquote class=\"twitter-tweet\" data-lang=\"es\"><p lang=\"es\" dir=\"ltr\">\u00bfC\u00f3mo ve? El responsable de la Coordinaci\u00f3n de Atenci\u00f3n Regional de la <a href=\"https:\/\/twitter.com\/SEGO_Oax?ref_src=twsrc%5Etfw\">@SEGO_Oax<\/a> <a href=\"https:\/\/twitter.com\/GobOax?ref_src=twsrc%5Etfw\">@GobOax<\/a>, Donato Vargas -acusado de promover la violencia digital contra mujeres mixes- fue exhibido en completo estado de ebriedad, por sus propios compa\u00f1eros, presuntamente en horario de labores. <a href=\"https:\/\/t.co\/G6Y9usud17\">pic.twitter.com\/G6Y9usud17<\/a><\/p>&mdash; Zona Roja Oaxaca (@ZonaRoja_Oaxaca) <a href=\"https:\/\/twitter.com\/ZonaRoja_Oaxaca\/status\/1640038497565433856?ref_src=twsrc%5Etfw\">26 de marzo de 2023<\/a><\/blockquote><\/div>\n<\/div><\/figure>\n\n\n\n<p>Y hasta ret\u00f3 a los cr\u00edticos: \u201cLe traen muchas ganas. Pero que presenten la queja, h\u00e1ganlo, si tiene alg\u00fan agravio contra alg\u00fan ciudadano o ha cometido alg\u00fan delito, con mucho gusto. Pero yo le reconozco a Donato, es un compa\u00f1ero muy trabajador, muy dedicado, muy pocos como \u00e9l\u201d.<\/p>\n\n\n\n<p>EXIGEN RENUNCIA<\/p>\n\n\n\n<p>Defensores de derechos humanos de Oaxaca exigieron la destituci\u00f3n inmediata de Donato&nbsp;Vargas Jim\u00e9nez como funcionario del estado, por esta y otras conductas violentas contra las mujeres y violencia familiar.<\/p>\n\n\n\n<p>As\u00ed lo manifest\u00f3 la defensora Y\u00e9sica S\u00e1nchez Maya, de la asociaci\u00f3n Consorcio Oaxaca y el abogado y defensor ind\u00edgena Joaqu\u00edn Galv\u00e1n.<\/p>\n\n\n\n<p>El abogado record\u00f3 que hace unos a\u00f1os acompa\u00f1\u00f3 la denuncia por el caso de la existencia del chat \u201cSierra XXX\u201d, del que particip\u00f3 Donato Vargas, operador pol\u00edtico en la Sierra Mixe desde hace varios a\u00f1os; la denuncia tuvo como consecuencia la destituci\u00f3n de un funcionario del Instituto Nacional de los Pueblos Ind\u00edgenas (INPI) y la baja de un precandidato a diputado local.<\/p>\n\n\n\n<figure class=\"wp-block-embed\"><div class=\"wp-block-embed__wrapper\">\n<div class=\"twitter-tweet\"><blockquote class=\"twitter-tweet\" data-lang=\"es\"><p lang=\"es\" dir=\"ltr\">As\u00ed defendi\u00f3 hoy el gobernador <a href=\"https:\/\/twitter.com\/salomonj?ref_src=twsrc%5Etfw\">@salomonj<\/a> a Donato Vargas, sobre qui\u00e9n pesan adem\u00e1s denuncias formales:<br>\u201cPresenten la queja, h\u00e1ganlo, si tienen alg\u00fan agravio contra alg\u00fan ciudadano o ha cometido alg\u00fan delito, con mucho gusto.<br>\u201cPero yo le reconozco a Donato, es un compa\u00f1ero muy\u2026 <a href=\"https:\/\/t.co\/W2PWt1fX73\">pic.twitter.com\/W2PWt1fX73<\/a><\/p>&mdash; Zona Roja Oaxaca (@ZonaRoja_Oaxaca) <a href=\"https:\/\/twitter.com\/ZonaRoja_Oaxaca\/status\/1640426831747661824?ref_src=twsrc%5Etfw\">27 de marzo de 2023<\/a><\/blockquote><\/div>\n<\/div><\/figure>\n\n\n\n<p>\u201cLa pertinencia o no de ocupar un puesto p\u00fablico en un contexto de violencia de g\u00e9nero denunciado ya incluso en carpetas de investigaci\u00f3n que la Fiscal\u00eda General de Oaxaca ha dejado en la inoperatividad y que ha denunciado constantemente su ex pareja. \u00bfCu\u00e1nto silencio c\u00f3mplice m\u00e1s?\u201d, cit\u00f3 el defensor.<\/p>\n\n\n\n<p>A su vez, pidi\u00f3 estar atentos y vigilantes de la seguridad de Aracely Cruz, ex pareja de Donato Vargas, quien ha expuesto la situaci\u00f3n de violencia y amenazas de muerte que ha vivido por parte del funcionario de Salom\u00f3n Jara y que pese a ello, el mandatario minimiza.<\/p>\n\n\n\n<p>La mujer ha hecho p\u00fablico el caso de su demanda por violencia familiar y en su contra por parte de Vargas Jim\u00e9nez.<\/p>\n\n\n\n<p>Por la denuncia, la Fiscal\u00eda General del Estado mantiene abierta la Carpeta de Investigaci\u00f3n 40841\/UDVF\/2022. <\/p>\n\n\n\n<p>\u201cSi me pasa algo, hago responsable al gobernador Salom\u00f3n Jara @salomonj, @jesusromerooax y todos los del gobierno, debi\u00f3 matarme para que me crean\u201d, escribi\u00f3 la v\u00edctima. <\/p>\n\n\n\n<figure class=\"wp-block-embed\"><div class=\"wp-block-embed__wrapper\">\n<div class=\"twitter-tweet\"><blockquote class=\"twitter-tweet\" data-lang=\"es\"><p lang=\"es\" dir=\"ltr\">Si me pasa algo, hago responsable al gobernador Salom\u00f3n Jara <a href=\"https:\/\/twitter.com\/salomonj?ref_src=twsrc%5Etfw\">@salomonj<\/a>, <a href=\"https:\/\/twitter.com\/jesusromerooax?ref_src=twsrc%5Etfw\">@jesusromerooax<\/a> y todos los del gobierno, debi\u00f3 matarme para que me crean <a href=\"https:\/\/t.co\/qZMWUcC83L\">pic.twitter.com\/qZMWUcC83L<\/a><\/p>&mdash; Aracely Cruz (@MAracely_Cruz) <a href=\"https:\/\/twitter.com\/MAracely_Cruz\/status\/1640416578222317568?ref_src=twsrc%5Etfw\">27 de marzo de 2023<\/a><\/blockquote><\/div>\n<\/div><\/figure>\n","protected":false},"excerpt":{"rendered":"<p>Yuridiana Sosa\/Zona Roja. Oaxaca de Ju\u00e1rez, Oax., a 27 de marzo de 2023.- En total&hellip;<\/p>\n","protected":false},"author":2,"featured_media":49350,"comment_status":"closed","ping_status":"open","sticky":false,"template":"","format":"standard","meta":{"_lmt_disableupdate":"","_lmt_disable":"","_jetpack_memberships_contains_paid_content":false,"footnotes":""},"categories":[109,47],"tags":[],"class_list":["post-53288","post","type-post","status-publish","format-standard","has-post-thumbnail","hentry","category-minuto-a-minuto","category-zona-gris"],"jetpack_featured_media_url":"https:\/\/zonaroja.com.mx\/wp-content\/uploads\/2022\/12\/Donato-Vargas.jpeg","jetpack_sharing_enabled":true,"_links":{"self":[{"href":"https:\/\/zonaroja.com.mx\/index.php?rest_route=\/wp\/v2\/posts\/53288","targetHints":{"allow":["GET"]}}],"collection":[{"href":"https:\/\/zonaroja.com.mx\/index.php?rest_route=\/wp\/v2\/posts"}],"about":[{"href":"https:\/\/zonaroja.com.mx\/index.php?rest_route=\/wp\/v2\/types\/post"}],"author":[{"embeddable":true,"href":"https:\/\/zonaroja.com.mx\/index.php?rest_route=\/wp\/v2\/users\/2"}],"replies":[{"embeddable":true,"href":"https:\/\/zonaroja.com.mx\/index.php?rest_route=%2Fwp%2Fv2%2Fcomments&post=53288"}],"version-history":[{"count":2,"href":"https:\/\/zonaroja.com.mx\/index.php?rest_route=\/wp\/v2\/posts\/53288\/revisions"}],"predecessor-version":[{"id":53298,"href":"https:\/\/zonaroja.com.mx\/index.php?rest_route=\/wp\/v2\/posts\/53288\/revisions\/53298"}],"wp:featuredmedia":[{"embeddable":true,"href":"https:\/\/zonaroja.com.mx\/index.php?rest_route=\/wp\/v2\/media\/49350"}],"wp:attachment":[{"href":"https:\/\/zonaroja.com.mx\/index.php?rest_route=%2Fwp%2Fv2%2Fmedia&parent=53288"}],"wp:term":[{"taxonomy":"category","embeddable":true,"href":"https:\/\/zonaroja.com.mx\/index.php?rest_route=%2Fwp%2Fv2%2Fcategories&post=53288"},{"taxonomy":"post_tag","embeddable":true,"href":"https:\/\/zonaroja.com.mx\/index.php?rest_route=%2Fwp%2Fv2%2Ftags&post=53288"}],"curies":[{"name":"wp","href":"https:\/\/api.w.org\/{rel}","templated":true}]}}