{"id":53291,"date":"2023-03-27T18:04:36","date_gmt":"2023-03-28T00:04:36","guid":{"rendered":"http:\/\/www.zonaroja.com.mx\/?p=53291"},"modified":"2023-03-27T18:04:39","modified_gmt":"2023-03-28T00:04:39","slug":"en-ultimo-adios-exigen-justicia-por-muerte-de-obrero-en-cervecera-de-tuxtepec","status":"publish","type":"post","link":"https:\/\/zonaroja.com.mx\/?p=53291","title":{"rendered":"En \u00faltimo adi\u00f3s, exigen justicia por muerte de obrero en cervecera de Tuxtepec"},"content":{"rendered":"\n<p>Yuridiana Sosa\/Zona Roja.<\/p>\n\n\n\n<p>Oaxaca de Ju\u00e1rez, Oax., a 27 de marzo de 2023.- En medio del desconsuelo, con el cuerpo presente del trabajador fallecido, presuntamente electrocutado al interior de la Compa\u00f1\u00eda Cervecera del Tr\u00f3pico, familiares exigieron de la empresa justicia.<\/p>\n\n\n\n<p>En su paso hacia el pante\u00f3n, la carroza f\u00fanebre y acompa\u00f1antes de la familia de Emilio Carlos Delgado hicieron una parada en la compa\u00f1\u00eda, donde se mantuvieron por unos minutos en memoria al joven de 31 a\u00f1os que muri\u00f3 dentro del lugar el fin de semana.<\/p>\n\n\n\n<p>\u201cYa no va a venir mi hijito, despidanse de mi hijo por favor\u2026es la \u00faltima vez que va a venir mi hijo\u201d, suplic\u00f3 la madre de Emilio, quien dijo que- hasta ese entonces- no recibi\u00f3 el p\u00e9same de los compa\u00f1eros de su hijo.<\/p>\n\n\n\n<p>\u201cVean nada m\u00e1s\u2026alg\u00fan d\u00eda tambi\u00e9n van a pasar por este dolor que yo estoy pasando\u201d, solloz\u00f3 la mujer frente a la compa\u00f1\u00eda, donde desde dentro s\u00f3lo algunos empleados y la guardia contemplaban el momento.<\/p>\n\n\n\n<figure class=\"wp-block-embed\"><div class=\"wp-block-embed__wrapper\">\n<div class=\"twitter-tweet\"><blockquote class=\"twitter-tweet\" data-lang=\"es\"><p lang=\"es\" dir=\"ltr\">Tras protestas, a las que se uni\u00f3 el Comit\u00e9 de Defensa Ciudadana (Codeci), entregan a familiares el cuerpo de la persona que muri\u00f3 en un accidente en el interior de la Cervecer\u00eda del Tr\u00f3pico, en San Juan Bautista Tuxtepec, Oaxaca. <a href=\"https:\/\/t.co\/0B5Zn2z8Qr\">pic.twitter.com\/0B5Zn2z8Qr<\/a><\/p>&mdash; Zona Roja Oaxaca (@ZonaRoja_Oaxaca) <a href=\"https:\/\/twitter.com\/ZonaRoja_Oaxaca\/status\/1640101919325581313?ref_src=twsrc%5Etfw\">26 de marzo de 2023<\/a><\/blockquote><\/div>\n<\/div><\/figure>\n\n\n\n<p>\u201c\u00a1Justicia!\u00a1Justicia!\u201d, clamaron los familiares y amigos al retirarse del lugar donde Emilio Carlos trabaj\u00f3 por siete a\u00f1os.<\/p>\n\n\n\n<p>El padre de la v\u00edctima confirm\u00f3 que la empresa no les notific\u00f3 los motivos por el cual dilataron m\u00e1s de 24 horas la entrega del cuerpo sin vida de su hija, quien de forma extra\u00f1a no era localizado en el interior de la f\u00e1brica&nbsp;desde la madrugada&nbsp;del 25 de marzo, pero apunt\u00f3 que les aport\u00f3 recurso econ\u00f3mico para el funeral, mientras que del Sindicato de Trabajadores de la cervecera no tuvieron ni el p\u00e9same.<\/p>\n\n\n\n<p>EL CASO<\/p>\n\n\n\n<p>Emilio Carlos Delgado muri\u00f3 en el interior de la empresa presuntamente electrocutado, pero la compa\u00f1\u00eda no report\u00f3 el caso a la familia.&nbsp;<\/p>\n\n\n\n<p>El trabajador con siete a\u00f1os de antig\u00fcedad acudi\u00f3 a laborar la noche del 24 de marzo, en un turno de 22:00 a 05:00 horas del 25 de marzo, sin embargo, el joven de 31 a\u00f1os de edad no volvi\u00f3 a casa, lo que alert\u00f3 a la familia.<\/p>\n\n\n\n<p>De acuerdo con reportes de compa\u00f1eros, el joven hab\u00eda sido visto en el interior de la f\u00e1brica a las 03:00 horas del 25 de marzo, \u00faltima vez que se le vio. Pero no chec\u00f3 su salida.<\/p>\n\n\n\n<p>Desde ese entonces la familia comenz\u00f3 con labores para poder localizarlo y se aperson\u00f3 en la planta cervecera para exigir la localizaci\u00f3n de Emilio, de quien sus pertenencias como motocicleta celular y ropa segu\u00edan al interior de la compa\u00f1\u00eda.<\/p>\n\n\n\n<p>Hasta la ma\u00f1ana del 26 marzo la familia no contaba con ning\u00fan tipo de informaci\u00f3n precisa, y la empresa neg\u00f3 durante algunas horas el ingreso de la Agencia Estatal de Investigaciones, de la Fiscal\u00eda General del Estado, lo que deriv\u00f3 en una manifestaci\u00f3n mayor de los afectados.<\/p>\n\n\n\n<p>Horas despu\u00e9s trascendi\u00f3 que el joven se electrocut\u00f3 en l\u00edneas de alta tensi\u00f3n que deb\u00edan estar sin corriente debido a un proceso de mantenimiento,lo que podr\u00eda derivar en una negligencia.<\/p>\n\n\n\n<p>De manera oficial, ni la empresa ni el sindicato han emitido un posicionamiento respecto al caso.<\/p>\n","protected":false},"excerpt":{"rendered":"<p>Yuridiana Sosa\/Zona Roja. Oaxaca de Ju\u00e1rez, Oax., a 27 de marzo de 2023.- En medio&hellip;<\/p>\n","protected":false},"author":2,"featured_media":53290,"comment_status":"closed","ping_status":"open","sticky":false,"template":"","format":"standard","meta":{"_lmt_disableupdate":"","_lmt_disable":"","_jetpack_memberships_contains_paid_content":false,"footnotes":""},"categories":[109,47],"tags":[],"class_list":["post-53291","post","type-post","status-publish","format-standard","has-post-thumbnail","hentry","category-minuto-a-minuto","category-zona-gris"],"jetpack_featured_media_url":"https:\/\/zonaroja.com.mx\/wp-content\/uploads\/2023\/03\/efb96c30-3f11-4b96-ac95-3e6e210b83f5.jpg","jetpack_sharing_enabled":true,"_links":{"self":[{"href":"https:\/\/zonaroja.com.mx\/index.php?rest_route=\/wp\/v2\/posts\/53291","targetHints":{"allow":["GET"]}}],"collection":[{"href":"https:\/\/zonaroja.com.mx\/index.php?rest_route=\/wp\/v2\/posts"}],"about":[{"href":"https:\/\/zonaroja.com.mx\/index.php?rest_route=\/wp\/v2\/types\/post"}],"author":[{"embeddable":true,"href":"https:\/\/zonaroja.com.mx\/index.php?rest_route=\/wp\/v2\/users\/2"}],"replies":[{"embeddable":true,"href":"https:\/\/zonaroja.com.mx\/index.php?rest_route=%2Fwp%2Fv2%2Fcomments&post=53291"}],"version-history":[{"count":1,"href":"https:\/\/zonaroja.com.mx\/index.php?rest_route=\/wp\/v2\/posts\/53291\/revisions"}],"predecessor-version":[{"id":53292,"href":"https:\/\/zonaroja.com.mx\/index.php?rest_route=\/wp\/v2\/posts\/53291\/revisions\/53292"}],"wp:featuredmedia":[{"embeddable":true,"href":"https:\/\/zonaroja.com.mx\/index.php?rest_route=\/wp\/v2\/media\/53290"}],"wp:attachment":[{"href":"https:\/\/zonaroja.com.mx\/index.php?rest_route=%2Fwp%2Fv2%2Fmedia&parent=53291"}],"wp:term":[{"taxonomy":"category","embeddable":true,"href":"https:\/\/zonaroja.com.mx\/index.php?rest_route=%2Fwp%2Fv2%2Fcategories&post=53291"},{"taxonomy":"post_tag","embeddable":true,"href":"https:\/\/zonaroja.com.mx\/index.php?rest_route=%2Fwp%2Fv2%2Ftags&post=53291"}],"curies":[{"name":"wp","href":"https:\/\/api.w.org\/{rel}","templated":true}]}}