{"id":53293,"date":"2023-03-27T19:33:13","date_gmt":"2023-03-28T01:33:13","guid":{"rendered":"http:\/\/www.zonaroja.com.mx\/?p=53293"},"modified":"2023-03-27T19:33:24","modified_gmt":"2023-03-28T01:33:24","slug":"exigen-justicia-integral-por-caso-de-claudia-uruchurtu","status":"publish","type":"post","link":"https:\/\/zonaroja.com.mx\/?p=53293","title":{"rendered":"Exigen justicia integral, por caso de Claudia Uruchurtu"},"content":{"rendered":"\n<p>Yuridiana Sosa\/Zona Roja.<\/p>\n\n\n\n<p>Oaxaca de Ju\u00e1rez, Oax., a 27 de marzo de 2023.- A dos a\u00f1os de la desaparici\u00f3n forzada de Claudia Uruchurtu Cruz, el Comit\u00e9 de Defensa Integral de Derechos Humanos Gobixha A.C. (C\u00f3digo DH) exigi\u00f3 justicia en el caso, en el cual tambi\u00e9n se deben garantizar los derechos humanos de las v\u00edctimas directas e indirectas.<\/p>\n\n\n\n<p>El organismo urgi\u00f3 una investigaci\u00f3n seria, eficaz y exhaustiva para dar con el paradero de la activista, quien fue desaparecida tras una manifestaci\u00f3n en el palacio municipal de Asunci\u00f3n Nochixtl\u00e1n, en la Mixteca de Oaxaca. \u201cDos a\u00f1os sin Claudia, dos a\u00f1os sin justicia\u201d, sentenci\u00f3.<\/p>\n\n\n\n<p>Record\u00f3 que Claudia es la tercera activista de nacionalidad extranjera que ha sido asesinada en el estado, entidad en \u201cla que la defensa de derechos humanos, la denuncia p\u00fablica y la lucha por un estado justo, es suficiente motivo para desaparecer, torturar o matar\u201d, asever\u00f3 la organizaci\u00f3n.<\/p>\n\n\n\n<p>QU\u00c9 HA PASADO<\/p>\n\n\n\n<p>El Comit\u00e9 Gobixha A.C. subray\u00f3 que la familia de Claudia ha logrado por primera vez, una sentencia condenatoria en el estado de Oaxaca, por el delito de desaparici\u00f3n forzada y en contra de una ex funcionaria.<\/p>\n\n\n\n<p>La familia Uruchurtu Cruz dio a conocer que el pasado viernes 3 de marzo, el juez Lorenzo Ram\u00edrez Cruz del Tribunal de Procesamiento de la Mixteca, emiti\u00f3 una condena de 40 a\u00f1os a Johan Ricardo Matus \u2013el quinto acusado- al declarar su culpabilidad como coautor material de la desaparici\u00f3n forzada de Uruchurtu Cruz.<\/p>\n\n\n\n<figure class=\"wp-block-embed\"><div class=\"wp-block-embed__wrapper\">\n<div class=\"twitter-tweet\"><blockquote class=\"twitter-tweet\" data-lang=\"es\"><p lang=\"es\" dir=\"ltr\">Hoy se cumplen dos a\u00f1os de la desaparici\u00f3n forzada de la activista Claudia Uruchurtu Cruz, ocurrida en <a href=\"https:\/\/twitter.com\/hashtag\/Nochixtl%C3%A1n?src=hash&amp;ref_src=twsrc%5Etfw\">#Nochixtl\u00e1n<\/a>, desde CODIGODH nos sumamos a la exigencia de justicia de familia y amigos. <br>2 a\u00f1os sin claudia, 2 a\u00f1os sin justicia. <a href=\"https:\/\/twitter.com\/hashtag\/Oaxaca?src=hash&amp;ref_src=twsrc%5Etfw\">#Oaxaca<\/a> <a href=\"https:\/\/t.co\/Y00wNyIfPr\">https:\/\/t.co\/Y00wNyIfPr<\/a><\/p>&mdash; Codigo DH (@CodigoDH) <a href=\"https:\/\/twitter.com\/CodigoDH\/status\/1640440445141659648?ref_src=twsrc%5Etfw\">27 de marzo de 2023<\/a><\/blockquote><\/div>\n<\/div><\/figure>\n\n\n\n<p>Pero, la ex presidenta de Asunci\u00f3n Nochixtl\u00e1n, Lizbeth V. H. (por Morena), una de las principales figuras implicadas en la desaparici\u00f3n de Claudia fue sentenciada por otro delito.<\/p>\n\n\n\n<p>El 15 de diciembre de 2022 la jueza principal del Tribunal de Enjuiciamiento de Huajuapan de Le\u00f3n, Mar\u00eda Teresa Quevedo S\u00e1nchez, modific\u00f3 el tipo penal y cambi\u00f3 el delito de desaparici\u00f3n forzada de personas por \u201cobstrucci\u00f3n\u201d de la justicia, con lo cual, en lugar de una sentencia de hasta 60 a\u00f1os de prisi\u00f3n, la redujo a cuatro a\u00f1os dos meses.<\/p>\n\n\n\n<p>Previamente, el 7 de diciembre , la ex edil de Asunci\u00f3n Nochixtl\u00e1n y tres personas m\u00e1s fueron declaradas culpables por la desaparici\u00f3n forzada de la activista Claudia Uruchurtu Cruz, sin darse a conocer los a\u00f1os de prisi\u00f3n.<\/p>\n\n\n\n<p>La posible manipulaci\u00f3n en el caso, sobre la sentencia condenatoria para Lizbeth V. H. se evidenci\u00f3 horas antes desde la conferencia \u201cma\u00f1anera\u201d del 15 de diciembre del presidente Andr\u00e9s Manuel L\u00f3pez Obrador por parte del subsecretario de Seguridad y Protecci\u00f3n Ciudadana, Ricardo Mej\u00eda.<\/p>\n\n\n\n<p>Alert\u00f3 que una jueza trat\u00f3 de cambiar el delito de desaparici\u00f3n forzada de personas por desaparici\u00f3n de personas para disminuir las penas condenatorias de los cuatro responsables, entre ellos de la ex edil de Asunci\u00f3n Nochixtl\u00e1n, Lizbeth V.H. , lo cual podr\u00eda constituir en la impunidad en el caso.<\/p>\n\n\n\n<p>Incluso, d\u00edas antes el propio presidente L\u00f3pez Obrador dijo que exist\u00eda la preocupaci\u00f3n sobre la injusticia que se pudiera ejercer sobre el caso de Claudia Uruchurtu ante el \u201cinfluyentismo\u201d de las autoridades locales involucradas.<\/p>\n\n\n\n<p>Pero, adem\u00e1s, previo a la llegada del nuevo gobierno de Oaxaca, emanado de Morena,- en diciembre de 2022- la familia Uruchurtu augur\u00f3 de una manipulaci\u00f3n en el desarrollo del caso, sobre todo para ordenar la liberaci\u00f3n de la ex edil de Nochixtl\u00e1n, Lizbeth V.H., por la relaci\u00f3n pol\u00edtica a trav\u00e9s de Morena.<\/p>\n","protected":false},"excerpt":{"rendered":"<p>Yuridiana Sosa\/Zona Roja. Oaxaca de Ju\u00e1rez, Oax., a 27 de marzo de 2023.- A dos&hellip;<\/p>\n","protected":false},"author":2,"featured_media":27305,"comment_status":"closed","ping_status":"open","sticky":false,"template":"","format":"standard","meta":{"_lmt_disableupdate":"","_lmt_disable":"","_jetpack_memberships_contains_paid_content":false,"footnotes":""},"categories":[109,47],"tags":[],"class_list":["post-53293","post","type-post","status-publish","format-standard","has-post-thumbnail","hentry","category-minuto-a-minuto","category-zona-gris"],"jetpack_featured_media_url":"https:\/\/zonaroja.com.mx\/wp-content\/uploads\/2021\/05\/Hermanas-de-Claudia-Uruchurtu.jpg","jetpack_sharing_enabled":true,"_links":{"self":[{"href":"https:\/\/zonaroja.com.mx\/index.php?rest_route=\/wp\/v2\/posts\/53293","targetHints":{"allow":["GET"]}}],"collection":[{"href":"https:\/\/zonaroja.com.mx\/index.php?rest_route=\/wp\/v2\/posts"}],"about":[{"href":"https:\/\/zonaroja.com.mx\/index.php?rest_route=\/wp\/v2\/types\/post"}],"author":[{"embeddable":true,"href":"https:\/\/zonaroja.com.mx\/index.php?rest_route=\/wp\/v2\/users\/2"}],"replies":[{"embeddable":true,"href":"https:\/\/zonaroja.com.mx\/index.php?rest_route=%2Fwp%2Fv2%2Fcomments&post=53293"}],"version-history":[{"count":1,"href":"https:\/\/zonaroja.com.mx\/index.php?rest_route=\/wp\/v2\/posts\/53293\/revisions"}],"predecessor-version":[{"id":53294,"href":"https:\/\/zonaroja.com.mx\/index.php?rest_route=\/wp\/v2\/posts\/53293\/revisions\/53294"}],"wp:featuredmedia":[{"embeddable":true,"href":"https:\/\/zonaroja.com.mx\/index.php?rest_route=\/wp\/v2\/media\/27305"}],"wp:attachment":[{"href":"https:\/\/zonaroja.com.mx\/index.php?rest_route=%2Fwp%2Fv2%2Fmedia&parent=53293"}],"wp:term":[{"taxonomy":"category","embeddable":true,"href":"https:\/\/zonaroja.com.mx\/index.php?rest_route=%2Fwp%2Fv2%2Fcategories&post=53293"},{"taxonomy":"post_tag","embeddable":true,"href":"https:\/\/zonaroja.com.mx\/index.php?rest_route=%2Fwp%2Fv2%2Ftags&post=53293"}],"curies":[{"name":"wp","href":"https:\/\/api.w.org\/{rel}","templated":true}]}}