{"id":53296,"date":"2023-03-27T20:44:23","date_gmt":"2023-03-28T02:44:23","guid":{"rendered":"http:\/\/www.zonaroja.com.mx\/?p=53296"},"modified":"2023-03-27T20:44:26","modified_gmt":"2023-03-28T02:44:26","slug":"otra-semana-de-inicio-caotico-en-oaxaca-por-ingobernabilidad","status":"publish","type":"post","link":"https:\/\/zonaroja.com.mx\/?p=53296","title":{"rendered":"Otra semana de inicio ca\u00f3tico en Oaxaca, por ingobernabilidad"},"content":{"rendered":"\n<p>Yuridiana Sosa\/Zona Roja.<\/p>\n\n\n\n<p>Oaxaca de Ju\u00e1rez, Oax., a 27 de marzo de 2023.- Como se ha vuelto costumbre en la \u201cPrimavera oaxaque\u00f1a\u201d, la semana inici\u00f3 en Oaxaca con una serie de manifestaciones y bloqueo en diversas regiones de la entidad, para demandar al gobierno del estado trabajar en la atenci\u00f3n de la demanda de la poblaci\u00f3n.<\/p>\n\n\n\n<p>EN LA CAPITAL<\/p>\n\n\n\n<p>Desde temprana hora, trabajadores de los Servicios de Salud de Oaxaca se manifestaron en oficinas centrales de la dependencia en la calle de J.P. Garc\u00eda en la capital del estado para exigir seguridad laboral para los compa\u00f1eros formalizados y regularizados, as\u00ed como atenci\u00f3n a sus diferentes demandas.<\/p>\n\n\n\n<p>M\u00e1s tarde extendieron sus protestas a otras oficinas, en la colonia Reforma de la ciudad, y en el interior del estado, ante la cerraz\u00f3n de la instituci\u00f3n.<\/p>\n\n\n\n<p>Por otra parte, mototaxistas de la agencia de Santa Rosa Panzacola, de Oaxaca de Ju\u00e1rez, marcharon sobre la carretera federal 190, con direcci\u00f3n al centro de la ciudad capital para exigir a la Secretar\u00eda de Movilidad del gobierno de Oaxaca un alto a la circulaci\u00f3n de unidades irregulares.<\/p>\n\n\n\n<p>A su vez, frente a Palacio de Gobierno, la asociaci\u00f3n Auxilio al Perro Amigo Oaxaca (Apaoax), que preside Hilda Toledo, se manifest\u00f3 en demanda de la asignaci\u00f3n de recursos p\u00fablicos estatales y municipales para la esterilizaci\u00f3n masiva y gratuita de perros y gatos.<\/p>\n\n\n\n<p>Para la protecci\u00f3n de los animales y la salud p\u00fablica, la asociaci\u00f3n comenz\u00f3 con una colecta de firmas ciudadanas para que el gobierno del estado disponga de tres veterinarios en cada jurisdicci\u00f3n sanitaria para la atenci\u00f3n de las mascotas; as\u00ed como exigen al Congreso de Oaxaca legislen para que la esterilizaci\u00f3n sea obligatoria, masiva y extensiva por las autoridades. &nbsp;<\/p>\n\n\n\n<p>Mientras que, en el Centro Hist\u00f3rico, en la calle de Armenta y L\u00f3pez a pocos metros del Palacio de Gobierno, contin\u00faa por octava semana el plant\u00f3n de los egresados normalistas en exigencia de plazas docentes directas, esto a pesar que el Instituto Estatal de Educaci\u00f3n P\u00fablica de Oaxaca (IEEPO) anunci\u00f3 que ced\u00eda a la petici\u00f3n de asignar los puestos de trabajo sin los requisitos que establece la Unidad para el Sistema de la Carrera de las Maestras y los Maestros (USICAMM).<\/p>\n\n\n\n<p>COSTA<\/p>\n\n\n\n<p>Diversos conflictos en la entidad mantienen pr\u00e1cticamente sitiada a la regi\u00f3n de la Costa de Oaxaca, donde esta ma\u00f1ana se reportaron tres bloqueos, manteniendo como \u00fanica v\u00eda para transitar de Oaxaca a Puerto Escondido la carretera que conduce de Pochutla a Miahuatl\u00e1n.<\/p>\n\n\n\n<p>Los cierres carreteros se mantienen en el punto de R\u00edo Manteca en la carretera Juquila-El Vidrio; en Sola de Vega, en la carretera Oaxaca-Puerto Escondido, as\u00ed como el de la supercarretera a Puerto Escondido en Barranca Larga-Ventanilla, este \u00faltimo pese a supuesto acuerdo del gobierno del estado para levantarlo.<\/p>\n\n\n\n<p>El bloqueo de la carretera que comunica a Santa Catarina Juquila se deriv\u00f3 de un conflicto postelectoral en Santiago Yaitepec, municipio de la regi\u00f3n Costa.<\/p>\n\n\n\n<p>El saldo fue de una persona fallecida y al menos tres lesionadas, luego que, de acuerdo a los reportes preliminares, un grupo armado lleg\u00f3 a desalojar una asamblea.&nbsp;<\/p>\n\n\n\n<p>Familiares de las v\u00edctimas y opositores al actual edil, Rigoberto Vel\u00e1squez, culparon a la Secretar\u00eda de Gobierno (Sego) de desatender la problem\u00e1tica, lo cual gener\u00f3 los hechos violentos.<\/p>\n\n\n\n<p>ISTMO<\/p>\n\n\n\n<p>A casi un mes de iniciada la protesta, habitantes de Estaci\u00f3n Mogo\u00f1\u00e9, San Juan Guichicovi, Oaxaca, contin\u00faan su manifestaci\u00f3n en las v\u00edas f\u00e9rreas del Corredor Interoce\u00e1nico para exigir atenci\u00f3n de los gobiernos estatal y federal, principalmente. Desde ayer domingo anunciaron que intensificar\u00e1n sus movilizaciones, ahora para exigir al presidente Andr\u00e9s Manuel L\u00f3pez Obrador que detenga el acoso policial y ministerial en contra de sus representantes.<\/p>\n","protected":false},"excerpt":{"rendered":"<p>Yuridiana Sosa\/Zona Roja. Oaxaca de Ju\u00e1rez, Oax., a 27 de marzo de 2023.- Como se&hellip;<\/p>\n","protected":false},"author":2,"featured_media":53295,"comment_status":"closed","ping_status":"open","sticky":false,"template":"","format":"standard","meta":{"_lmt_disableupdate":"","_lmt_disable":"","_jetpack_memberships_contains_paid_content":false,"footnotes":""},"categories":[1,47],"tags":[],"class_list":["post-53296","post","type-post","status-publish","format-standard","has-post-thumbnail","hentry","category-sin-categoria","category-zona-gris"],"jetpack_featured_media_url":"https:\/\/zonaroja.com.mx\/wp-content\/uploads\/2023\/03\/b2537674-b369-4bfe-b567-593f555c387c.jpg","jetpack_sharing_enabled":true,"_links":{"self":[{"href":"https:\/\/zonaroja.com.mx\/index.php?rest_route=\/wp\/v2\/posts\/53296","targetHints":{"allow":["GET"]}}],"collection":[{"href":"https:\/\/zonaroja.com.mx\/index.php?rest_route=\/wp\/v2\/posts"}],"about":[{"href":"https:\/\/zonaroja.com.mx\/index.php?rest_route=\/wp\/v2\/types\/post"}],"author":[{"embeddable":true,"href":"https:\/\/zonaroja.com.mx\/index.php?rest_route=\/wp\/v2\/users\/2"}],"replies":[{"embeddable":true,"href":"https:\/\/zonaroja.com.mx\/index.php?rest_route=%2Fwp%2Fv2%2Fcomments&post=53296"}],"version-history":[{"count":1,"href":"https:\/\/zonaroja.com.mx\/index.php?rest_route=\/wp\/v2\/posts\/53296\/revisions"}],"predecessor-version":[{"id":53297,"href":"https:\/\/zonaroja.com.mx\/index.php?rest_route=\/wp\/v2\/posts\/53296\/revisions\/53297"}],"wp:featuredmedia":[{"embeddable":true,"href":"https:\/\/zonaroja.com.mx\/index.php?rest_route=\/wp\/v2\/media\/53295"}],"wp:attachment":[{"href":"https:\/\/zonaroja.com.mx\/index.php?rest_route=%2Fwp%2Fv2%2Fmedia&parent=53296"}],"wp:term":[{"taxonomy":"category","embeddable":true,"href":"https:\/\/zonaroja.com.mx\/index.php?rest_route=%2Fwp%2Fv2%2Fcategories&post=53296"},{"taxonomy":"post_tag","embeddable":true,"href":"https:\/\/zonaroja.com.mx\/index.php?rest_route=%2Fwp%2Fv2%2Ftags&post=53296"}],"curies":[{"name":"wp","href":"https:\/\/api.w.org\/{rel}","templated":true}]}}