{"id":53303,"date":"2023-03-28T06:42:41","date_gmt":"2023-03-28T12:42:41","guid":{"rendered":"http:\/\/www.zonaroja.com.mx\/?p=53303"},"modified":"2023-03-28T06:42:48","modified_gmt":"2023-03-28T12:42:48","slug":"suman-41-migrantes-muertos-por-incendio-en-albergue-de-chihuahua","status":"publish","type":"post","link":"https:\/\/zonaroja.com.mx\/?p=53303","title":{"rendered":"Suman 41 migrantes muertos por incendio en albergue de Chihuahua"},"content":{"rendered":"\n<p>Redacci\u00f3n\/Zona Roja Cdmx.<\/p>\n\n\n\n<p>Ciudad de M\u00e9xico, a 28 de marzo de 2023.- A 41 ascendi\u00f3 el n\u00famero de personas migrantes que fallecieron anoche en una estaci\u00f3n del Instituto Nacional de Migraci\u00f3n (INM) en Ciudad Juarez, Chihuahua.<\/p>\n\n\n\n<p>Hasta el momento se desconoce la forma en que se origin\u00f3 el incendio en la estaci\u00f3n migratoria y s\u00f3lo se habla que habr\u00eda sido iniciado por los propios albergados, a manera de protesta, pero la situaci\u00f3n se sali\u00f3 de control.<\/p>\n\n\n\n<p>En un comunicado, el INM inform\u00f3 de manera preliminar que 39 personas hab\u00edan perdido la vida derivado de un incendio que se origin\u00f3 poco antes de las 22:00 horas de este lunes en el \u00e1rea de alojamiento de la Estancia Provisional de Ciudad Ju\u00e1rez, Chihuahua.<\/p>\n\n\n\n<p>\u201cEsta autoridad informa que se interpuso una denuncia ante las autoridades correspondientes para que se investigue lo sucedido y, en su caso, se proceda en consecuencia.<\/p>\n\n\n\n<p>\u201cDe igual forma se dio vista a la Comisi\u00f3n Nacional de los Derechos Humanos (CNDH) para que intervenga en las diligencias de ley y de salvaguarda de las personas extranjeras\u201d, expuso.<\/p>\n\n\n\n<p>A\u00f1adi\u00f3 que en la sede migratoria estaban alojados 68 hombres mayores de edad originarios de Centro y Sudam\u00e9rica.<br>De ellos, 29 personas migrantes extranjeras m\u00e1s resultaron lesionadas por el siniestro y fueron trasladadas en estado delicado-grave a cuatro hospitales de la localidad para su atenci\u00f3n inmediata.<\/p>\n\n\n\n<p>\u201cAnte los hechos, se estableci\u00f3 comunicaci\u00f3n y coordinaci\u00f3n con autoridades consulares de diferentes pa\u00edses para implementar las acciones que permitan la identificaci\u00f3n plena de las personas migrantes fallecidas.<\/p>\n\n\n\n<p>\u201cEl INM expresa su disposici\u00f3n para coadyuvar en las investigaciones de ley, a fin de que se esclarezcan estos hechos lamentables\u201d, indic\u00f3.<\/p>\n","protected":false},"excerpt":{"rendered":"<p>Redacci\u00f3n\/Zona Roja Cdmx. Ciudad de M\u00e9xico, a 28 de marzo de 2023.- A 41 ascendi\u00f3&hellip;<\/p>\n","protected":false},"author":2,"featured_media":53302,"comment_status":"closed","ping_status":"open","sticky":false,"template":"","format":"standard","meta":{"_lmt_disableupdate":"","_lmt_disable":"","_jetpack_memberships_contains_paid_content":false,"footnotes":""},"categories":[109,47],"tags":[],"class_list":["post-53303","post","type-post","status-publish","format-standard","has-post-thumbnail","hentry","category-minuto-a-minuto","category-zona-gris"],"jetpack_featured_media_url":"https:\/\/zonaroja.com.mx\/wp-content\/uploads\/2023\/03\/migrantes-muertos-incendio-chihuahua.jpg","jetpack_sharing_enabled":true,"_links":{"self":[{"href":"https:\/\/zonaroja.com.mx\/index.php?rest_route=\/wp\/v2\/posts\/53303","targetHints":{"allow":["GET"]}}],"collection":[{"href":"https:\/\/zonaroja.com.mx\/index.php?rest_route=\/wp\/v2\/posts"}],"about":[{"href":"https:\/\/zonaroja.com.mx\/index.php?rest_route=\/wp\/v2\/types\/post"}],"author":[{"embeddable":true,"href":"https:\/\/zonaroja.com.mx\/index.php?rest_route=\/wp\/v2\/users\/2"}],"replies":[{"embeddable":true,"href":"https:\/\/zonaroja.com.mx\/index.php?rest_route=%2Fwp%2Fv2%2Fcomments&post=53303"}],"version-history":[{"count":1,"href":"https:\/\/zonaroja.com.mx\/index.php?rest_route=\/wp\/v2\/posts\/53303\/revisions"}],"predecessor-version":[{"id":53304,"href":"https:\/\/zonaroja.com.mx\/index.php?rest_route=\/wp\/v2\/posts\/53303\/revisions\/53304"}],"wp:featuredmedia":[{"embeddable":true,"href":"https:\/\/zonaroja.com.mx\/index.php?rest_route=\/wp\/v2\/media\/53302"}],"wp:attachment":[{"href":"https:\/\/zonaroja.com.mx\/index.php?rest_route=%2Fwp%2Fv2%2Fmedia&parent=53303"}],"wp:term":[{"taxonomy":"category","embeddable":true,"href":"https:\/\/zonaroja.com.mx\/index.php?rest_route=%2Fwp%2Fv2%2Fcategories&post=53303"},{"taxonomy":"post_tag","embeddable":true,"href":"https:\/\/zonaroja.com.mx\/index.php?rest_route=%2Fwp%2Fv2%2Ftags&post=53303"}],"curies":[{"name":"wp","href":"https:\/\/api.w.org\/{rel}","templated":true}]}}