{"id":53306,"date":"2023-03-28T08:35:50","date_gmt":"2023-03-28T14:35:50","guid":{"rendered":"http:\/\/www.zonaroja.com.mx\/?p=53306"},"modified":"2023-03-28T08:35:52","modified_gmt":"2023-03-28T14:35:52","slug":"suman-dos-muertos-por-accidente-vial-y-presunto-culpable-sigue-libre","status":"publish","type":"post","link":"https:\/\/zonaroja.com.mx\/?p=53306","title":{"rendered":"Suman dos muertos por accidente vial\u2026 y presunto culpable sigue libre"},"content":{"rendered":"\n<p>Redacci\u00f3n\/Zona Roja.<\/p>\n\n\n\n<p>Oaxaca de Ju\u00e1rez, Oax., a 28 de marzo de 2023.- A dos ascendi\u00f3 el n\u00famero de personas fallecidas a causa de un accidente carretero ocurrido la madrugada del pasado domingo 19 de marzo en Oaxaca.<\/p>\n\n\n\n<p>El percance se registr\u00f3 en el crucero conocido como la Y, entronque de las carreteras federales 175 y 131, en jurisdicci\u00f3n de la Villa de Zaachila, cuando una familia procedente de la Ciudad de M\u00e9xico, cruzaba a pie la vialidad para llegar a su domicilio.<\/p>\n\n\n\n<p>Sin embargo, una camioneta tipo Ram, placas de circulaci\u00f3n RY-86654,  conducida por Gustavo Manuel R. R., de 23 a\u00f1os de edad, los arroll\u00f3, supuestamente porque dormit\u00f3 al volante; en el sitio perdi\u00f3 la vida Jos\u00e9 Fernando R., mientras que tres personas m\u00e1s fueron trasladadas a un hospital.<\/p>\n\n\n\n<p>A casi una semana de los hechos, Jes\u00fas \u00c1ngel R. E., perdi\u00f3 la vida en el nosocomio, luego de permanecer en coma.<\/p>\n\n\n\n<p>El presunto responsable de los hechos, Gustavo Manuel R. R., fue detenido y por parte de la Fiscal\u00eda General del Estado de Oaxaca fue puesto a disposici\u00f3n de un juez, pero \u00e9ste determinar que siguiera el proceso en libertad, al garantizar el pago de la reparaci\u00f3n de da\u00f1os.<\/p>\n\n\n\n<p>No obstante, ante la segunda muerte, la familia Rosalino Estrada exige justicia y demandan a la Fiscal\u00eda General reclasifique el delito ante el juzgador, para que el probable autor del doble homicidio culposo sea detenido y llevado a prisi\u00f3n preventiva.<\/p>\n","protected":false},"excerpt":{"rendered":"<p>Redacci\u00f3n\/Zona Roja. Oaxaca de Ju\u00e1rez, Oax., a 28 de marzo de 2023.- A dos ascendi\u00f3&hellip;<\/p>\n","protected":false},"author":2,"featured_media":53305,"comment_status":"closed","ping_status":"open","sticky":false,"template":"","format":"standard","meta":{"_lmt_disableupdate":"","_lmt_disable":"","_jetpack_memberships_contains_paid_content":false,"footnotes":""},"categories":[109,47],"tags":[],"class_list":["post-53306","post","type-post","status-publish","format-standard","has-post-thumbnail","hentry","category-minuto-a-minuto","category-zona-gris"],"jetpack_featured_media_url":"https:\/\/zonaroja.com.mx\/wp-content\/uploads\/2023\/03\/52396410-f972-4018-b0dc-a03a8ad923cd.jpg","jetpack_sharing_enabled":true,"_links":{"self":[{"href":"https:\/\/zonaroja.com.mx\/index.php?rest_route=\/wp\/v2\/posts\/53306","targetHints":{"allow":["GET"]}}],"collection":[{"href":"https:\/\/zonaroja.com.mx\/index.php?rest_route=\/wp\/v2\/posts"}],"about":[{"href":"https:\/\/zonaroja.com.mx\/index.php?rest_route=\/wp\/v2\/types\/post"}],"author":[{"embeddable":true,"href":"https:\/\/zonaroja.com.mx\/index.php?rest_route=\/wp\/v2\/users\/2"}],"replies":[{"embeddable":true,"href":"https:\/\/zonaroja.com.mx\/index.php?rest_route=%2Fwp%2Fv2%2Fcomments&post=53306"}],"version-history":[{"count":1,"href":"https:\/\/zonaroja.com.mx\/index.php?rest_route=\/wp\/v2\/posts\/53306\/revisions"}],"predecessor-version":[{"id":53307,"href":"https:\/\/zonaroja.com.mx\/index.php?rest_route=\/wp\/v2\/posts\/53306\/revisions\/53307"}],"wp:featuredmedia":[{"embeddable":true,"href":"https:\/\/zonaroja.com.mx\/index.php?rest_route=\/wp\/v2\/media\/53305"}],"wp:attachment":[{"href":"https:\/\/zonaroja.com.mx\/index.php?rest_route=%2Fwp%2Fv2%2Fmedia&parent=53306"}],"wp:term":[{"taxonomy":"category","embeddable":true,"href":"https:\/\/zonaroja.com.mx\/index.php?rest_route=%2Fwp%2Fv2%2Fcategories&post=53306"},{"taxonomy":"post_tag","embeddable":true,"href":"https:\/\/zonaroja.com.mx\/index.php?rest_route=%2Fwp%2Fv2%2Ftags&post=53306"}],"curies":[{"name":"wp","href":"https:\/\/api.w.org\/{rel}","templated":true}]}}