{"id":53309,"date":"2023-03-28T09:34:00","date_gmt":"2023-03-28T15:34:00","guid":{"rendered":"http:\/\/www.zonaroja.com.mx\/?p=53309"},"modified":"2023-03-28T09:34:18","modified_gmt":"2023-03-28T15:34:18","slug":"senti-impotencia-ante-la-declaracion-del-gobernador-victima-de-donato-vargas","status":"publish","type":"post","link":"https:\/\/zonaroja.com.mx\/?p=53309","title":{"rendered":"\u201cSent\u00ed impotencia ante la declaraci\u00f3n del gobernador\u201d: v\u00edctima de Donato Vargas"},"content":{"rendered":"\n<p>Ismael Garc\u00eda M.\/Zona Roja.<\/p>\n\n\n\n<p>Oaxaca de Ju\u00e1rez, Oax., a 28 de marzo de 2023.- Ante la declaraci\u00f3n del gobernador Salom\u00f3n Jara Cruz que no hab\u00eda pruebas en contra de Donato Vargas Jim\u00e9nez y que era un funcionario ejemplar, la v\u00edctima agresi\u00f3n y violencia familiar, Aracely Cruz, difundi\u00f3 la Carpeta de Investigaci\u00f3n en contra del coordinador general de Atenci\u00f3n Regional.<\/p>\n\n\n\n<p>\u201cMuchas gracias a las periodistas que me apoyaron, a mis amigas y los activistas y a todos, mil gracias, sin ustedes hoy hubiera sido un d\u00eda muy gris en mi vida.<\/p>\n\n\n\n<p>\u201cEl resumen del d\u00eda, sent\u00ed impotencia ante la declaraci\u00f3n del gobernador Salom\u00f3n Jara, entend\u00ed el pacto patriarcal del Estado, ninguna secretaria me escribi\u00f3 ni se interes\u00f3, solo una diputado me llam\u00f3 y no era de Morena; apoy\u00e9 un partido mis\u00f3gino durante 18 a\u00f1os\u201d, difundi\u00f3 anoche v\u00eda redes sociales.<\/p>\n\n\n\n<p>Ante la negativa del gobierno y del mandatario estatal de reconocer que hay una denuncia en contra de Donato Vargas, Aracely Cruz dio a conocer ayer el documento de la Fiscal\u00eda General del Estado de Oaxaca.<\/p>\n\n\n\n<p>Se trata de la Carpeta de Investigaci\u00f3n 40841\/UDVF\/2022, de la Unidad de Delitos de Violencia Familiar e iniciada por la Fiscal\u00eda Especializada para la Atenci\u00f3n a Delitos contra la Mujer por raz\u00f3n de g\u00e9nero.<\/p>\n\n\n\n<p>De acuerdo con el documento, el 12 de noviembre del a\u00f1o 2022, en el domicilio de ambos, Donato Vargas la atac\u00f3 y ahorc\u00f3, con la intenci\u00f3n de matarla.<br><\/p>\n\n\n\n<p>\u201cEl gabinete lleno de violentadores, el hombre que me golpe\u00f3 en m\u00faltiples ocasiones y amenazo con machetearme y rociarme \u00e1cido es el coordinador de delegados de paz, da una impotencia y por su puesto de todo esto tiene conocimiento Jes\u00fas romero y Karina Bar\u00f3n\u201d, difundi\u00f3 Aracely Cruz el pasado 7 de marzo, al confirmarse el cargo de Donato Vargas.<\/p>\n\n\n\n<figure class=\"wp-block-embed\"><div class=\"wp-block-embed__wrapper\">\n<div class=\"twitter-tweet\"><blockquote class=\"twitter-tweet\" data-lang=\"es\"><p lang=\"es\" dir=\"ltr\">El resumen del d\u00eda, sent\u00ed impotencia ante la declaraci\u00f3n del gobernador <a href=\"https:\/\/twitter.com\/salomonj?ref_src=twsrc%5Etfw\">@salomonj<\/a>, entend\u00ed el pacto patriarcal del estado, ninguna secretaria me escribi\u00f3 ni se interes\u00f3, solo una Dip. me llamo y no era de MORENA, apoye un partido mis\u00f3gino durante 18 a\u00f1os \ud83e\udd23<\/p>&mdash; Aracely Cruz (@MAracely_Cruz) <a href=\"https:\/\/twitter.com\/MAracely_Cruz\/status\/1640578929210675202?ref_src=twsrc%5Etfw\">28 de marzo de 2023<\/a><\/blockquote><\/div>\n<\/div><\/figure>\n\n\n\n<p>En tanto, ayer en conferencia de prensa desde la ciudad de M\u00e9xico, el gobernador Salom\u00f3n Jara reiter\u00f3 su defensa al acusado tambi\u00e9n de difundir fotos pornogr\u00e1ficas en un chat de WhatsApp en la zona Mixe del estado:<\/p>\n\n\n\n<p>\u201cYo Donato le reconozco su trabajo, su dedicaci\u00f3n, su tiempo completo; lo han retenido no menos de ocho-diez veces, en las carreteras cuando va a dialogar con los de Mat\u00edas Romero, Palomares; cuando fue a ver lo de Sola de Vega; cuando ha ido a todas las comunidades, lo retienen.<\/p>\n\n\n\n<p>\u201cSiempre, porque se atreve a dialogar, a resolver los conflictos que hay en las comunidades, lo mismo que sobre el conflicto agrario de Santo Domingo Petapa con San Juan Mazatl\u00e1n, lo retuvieron; ah\u00ed se qued\u00f3, tres d\u00edas, cuatro d\u00edas, y as\u00ed lo han retenido.<\/p>\n\n\n\n<p>\u201cY le traen muchas ganas, pero presenten la queja, h\u00e1ganlo, si tiene alg\u00fan agravio contra alg\u00fan ciudadano o ha cometido alg\u00fan delito, con mucho gusto, pero yo le reconozco a Donato, es un compa\u00f1ero muy trabajador, muy dedicado, muy pocos como \u00e9l se atreven a ir hasta donde est\u00e1n los conflictos muy fuertes\u201d.<\/p>\n","protected":false},"excerpt":{"rendered":"<p>Ismael Garc\u00eda M.\/Zona Roja. Oaxaca de Ju\u00e1rez, Oax., a 28 de marzo de 2023.- Ante&hellip;<\/p>\n","protected":false},"author":2,"featured_media":53308,"comment_status":"closed","ping_status":"open","sticky":false,"template":"","format":"standard","meta":{"_lmt_disableupdate":"","_lmt_disable":"","_jetpack_memberships_contains_paid_content":false,"footnotes":""},"categories":[109,47],"tags":[],"class_list":["post-53309","post","type-post","status-publish","format-standard","has-post-thumbnail","hentry","category-minuto-a-minuto","category-zona-gris"],"jetpack_featured_media_url":"https:\/\/zonaroja.com.mx\/wp-content\/uploads\/2023\/03\/img_6854.jpg","jetpack_sharing_enabled":true,"_links":{"self":[{"href":"https:\/\/zonaroja.com.mx\/index.php?rest_route=\/wp\/v2\/posts\/53309","targetHints":{"allow":["GET"]}}],"collection":[{"href":"https:\/\/zonaroja.com.mx\/index.php?rest_route=\/wp\/v2\/posts"}],"about":[{"href":"https:\/\/zonaroja.com.mx\/index.php?rest_route=\/wp\/v2\/types\/post"}],"author":[{"embeddable":true,"href":"https:\/\/zonaroja.com.mx\/index.php?rest_route=\/wp\/v2\/users\/2"}],"replies":[{"embeddable":true,"href":"https:\/\/zonaroja.com.mx\/index.php?rest_route=%2Fwp%2Fv2%2Fcomments&post=53309"}],"version-history":[{"count":1,"href":"https:\/\/zonaroja.com.mx\/index.php?rest_route=\/wp\/v2\/posts\/53309\/revisions"}],"predecessor-version":[{"id":53310,"href":"https:\/\/zonaroja.com.mx\/index.php?rest_route=\/wp\/v2\/posts\/53309\/revisions\/53310"}],"wp:featuredmedia":[{"embeddable":true,"href":"https:\/\/zonaroja.com.mx\/index.php?rest_route=\/wp\/v2\/media\/53308"}],"wp:attachment":[{"href":"https:\/\/zonaroja.com.mx\/index.php?rest_route=%2Fwp%2Fv2%2Fmedia&parent=53309"}],"wp:term":[{"taxonomy":"category","embeddable":true,"href":"https:\/\/zonaroja.com.mx\/index.php?rest_route=%2Fwp%2Fv2%2Fcategories&post=53309"},{"taxonomy":"post_tag","embeddable":true,"href":"https:\/\/zonaroja.com.mx\/index.php?rest_route=%2Fwp%2Fv2%2Ftags&post=53309"}],"curies":[{"name":"wp","href":"https:\/\/api.w.org\/{rel}","templated":true}]}}