{"id":5331,"date":"2019-11-02T08:00:58","date_gmt":"2019-11-02T14:00:58","guid":{"rendered":"http:\/\/www.zonaroja.com.mx\/?p=5331"},"modified":"2019-11-01T17:41:00","modified_gmt":"2019-11-01T23:41:00","slug":"liberacion-de-edil-de-jalapa-comprueba-que-fiscal-invento-delitos-senador","status":"publish","type":"post","link":"https:\/\/zonaroja.com.mx\/?p=5331","title":{"rendered":"Liberaci\u00f3n de edil de Jalapa comprueba que fiscal invent\u00f3 delitos: senador"},"content":{"rendered":"\n<p>Redacci\u00f3n\/Zona\nRoja.<\/p>\n\n\n\n<p>Oaxaca de\nJu\u00e1rez, Oax., 2 de noviembre de 2019.- \u201cNo vamos a permitir que el pueblo oaxaque\u00f1o\nest\u00e9 a expensas de un personaje tan oscuro como Rub\u00e9n Vasconcelos M\u00e9ndez, que\nha corrompido a la instituci\u00f3n responsable de la procuraci\u00f3n de justicia. <\/p>\n\n\n\n<p>\u201cVamos a\nrescatar a Oaxaca interponiendo las denuncias penales que correspondan y\npromoviendo juicio pol\u00edtico contra el Fiscal General del Estado, porque nadie\nest\u00e1 fuera ni por encima de la ley\u201d, afirm\u00f3 el senador Salom\u00f3n Jara Cruz, tras\nla liberaci\u00f3n del edil de San Felipe Jalapa de D\u00edaz.<\/p>\n\n\n\n<p>El\nlegislador por Oaxaca celebr\u00f3 la absoluci\u00f3n de Arturo Garc\u00eda Vel\u00e1squez, luego\nde que un juez de control federal resolviera que la orden de cateo librada por\nun juez del fuero com\u00fan careciera de elementos que la justificaran y, por lo\ntanto, la detenci\u00f3n realizada por elementos de la Agencia Estatal de\nInvestigaciones fue ilegal.<\/p>\n\n\n\n<p>\u201cEl\nmi\u00e9rcoles pasado denunciamos ante que la fabricaci\u00f3n de una carpeta de\ninvestigaci\u00f3n y la siembra de pruebas fueron ordenadas por el fiscal General\nRub\u00e9n Vasconcelos M\u00e9ndez para perjudicar a nuestro compa\u00f1ero Arturo Garc\u00eda y la\ndecisi\u00f3n del juez federal lo comprueba\u201d, acus\u00f3 el legislador del Partido\nMorena.<\/p>\n\n\n\n<p>En un\ncomunicado, expres\u00f3 que es indignante que Vasconcelos M\u00e9ndez use a la Fiscal\u00eda\nGeneral del Estado para perseguir y encarcelar a quienes considera adversarios\npol\u00edticos, reviviendo las peores \u00e9pocas del autoritarismo priista.<\/p>\n\n\n\n<p>\u201cSi por\nintereses pol\u00edticos personales se ha atrevido a fabricar una indagatoria contra\nun presidente municipal constitucionalmente electo, \u00bfqu\u00e9 habr\u00e1 hecho para\njustificar su nombramiento y permanencia en la instituci\u00f3n responsable de\nprocurar justicia? \u00bfcu\u00e1ntas oaxaque\u00f1as y oaxaque\u00f1os estar\u00e1n detenidos o\nsentenciados injustamente\u201d, a\u00f1adi\u00f3.<\/p>\n\n\n\n<p>Dijo que es\nsabido por todo el estado que el Fiscal Vasconcelos M\u00e9ndez se ha esforzado en\ndemostrar su ineptitud para investigar y perseguir los delitos de alto impacto,\ny para ocultarlo manipula la clasificaci\u00f3n de los mismos y as\u00ed los feminicidios\nterminan siendo homicidios o las desapariciones forzadas como casos de personas\nno localizadas.<\/p>\n\n\n\n<p>Coment\u00f3 que\nla impunidad campea en el estado y record\u00f3 varios casos de personajes\nasesinados, que militaron en Morena, sin contar los de otros partidos y de\norganizaciones sociales, que a\u00fan no son esclarecidos ni hay responsables\ncastigados.<\/p>\n","protected":false},"excerpt":{"rendered":"<p>Redacci\u00f3n\/Zona Roja. Oaxaca de Ju\u00e1rez, Oax., 2 de noviembre de 2019.- \u201cNo vamos a permitir&hellip;<\/p>\n","protected":false},"author":2,"featured_media":5332,"comment_status":"closed","ping_status":"open","sticky":false,"template":"","format":"standard","meta":{"_lmt_disableupdate":"","_lmt_disable":"","_jetpack_memberships_contains_paid_content":false,"footnotes":""},"categories":[109,51],"tags":[494,170,939],"class_list":["post-5331","post","type-post","status-publish","format-standard","has-post-thumbnail","hentry","category-minuto-a-minuto","category-zona-roja","tag-fiscalia-general-del-estado-de-oaxaca","tag-ruben-vasconcelos-mendez","tag-salomon-jara-cruz"],"jetpack_featured_media_url":"https:\/\/zonaroja.com.mx\/wp-content\/uploads\/2019\/11\/Cateo-Jalapa-edil.jpg","jetpack_sharing_enabled":true,"_links":{"self":[{"href":"https:\/\/zonaroja.com.mx\/index.php?rest_route=\/wp\/v2\/posts\/5331","targetHints":{"allow":["GET"]}}],"collection":[{"href":"https:\/\/zonaroja.com.mx\/index.php?rest_route=\/wp\/v2\/posts"}],"about":[{"href":"https:\/\/zonaroja.com.mx\/index.php?rest_route=\/wp\/v2\/types\/post"}],"author":[{"embeddable":true,"href":"https:\/\/zonaroja.com.mx\/index.php?rest_route=\/wp\/v2\/users\/2"}],"replies":[{"embeddable":true,"href":"https:\/\/zonaroja.com.mx\/index.php?rest_route=%2Fwp%2Fv2%2Fcomments&post=5331"}],"version-history":[{"count":1,"href":"https:\/\/zonaroja.com.mx\/index.php?rest_route=\/wp\/v2\/posts\/5331\/revisions"}],"predecessor-version":[{"id":5333,"href":"https:\/\/zonaroja.com.mx\/index.php?rest_route=\/wp\/v2\/posts\/5331\/revisions\/5333"}],"wp:featuredmedia":[{"embeddable":true,"href":"https:\/\/zonaroja.com.mx\/index.php?rest_route=\/wp\/v2\/media\/5332"}],"wp:attachment":[{"href":"https:\/\/zonaroja.com.mx\/index.php?rest_route=%2Fwp%2Fv2%2Fmedia&parent=5331"}],"wp:term":[{"taxonomy":"category","embeddable":true,"href":"https:\/\/zonaroja.com.mx\/index.php?rest_route=%2Fwp%2Fv2%2Fcategories&post=5331"},{"taxonomy":"post_tag","embeddable":true,"href":"https:\/\/zonaroja.com.mx\/index.php?rest_route=%2Fwp%2Fv2%2Ftags&post=5331"}],"curies":[{"name":"wp","href":"https:\/\/api.w.org\/{rel}","templated":true}]}}