{"id":53314,"date":"2023-03-28T12:32:17","date_gmt":"2023-03-28T18:32:17","guid":{"rendered":"http:\/\/www.zonaroja.com.mx\/?p=53314"},"modified":"2023-03-28T12:34:33","modified_gmt":"2023-03-28T18:34:33","slug":"impunidad-de-mas-de-medio-ano-en-basurero-de-catem-grave-contaminacion","status":"publish","type":"post","link":"https:\/\/zonaroja.com.mx\/?p=53314","title":{"rendered":"Impunidad de m\u00e1s de medio a\u00f1o en basurero de CATEM; grave contaminaci\u00f3n"},"content":{"rendered":"\n<p>Yuridiana Sosa\/Zona Roja.<\/p>\n\n\n\n<p>Oaxaca de Ju\u00e1rez, Oax., a 28 de marzo de 2023.- Pese a las graves afectaciones al medio ambiente, el basurero que ha formado la Confederaci\u00f3n Aut\u00f3noma de Trabajadores y Empleados de M\u00e9xico (CATEM) en las riberas del r\u00edo \u201cAtoyac\u201d, en la parte posterior de la Central de Abasto de la ciudad de Oaxaca, es intocable, creciente y respaldado por la impunidad.<\/p>\n\n\n\n<p>A casi ocho meses de que comenz\u00f3 con el dep\u00f3sito de los desechos a orilla del afluente \u2014por el precierre del basurero de Zaachila en julio y que contempl\u00f3 negar el acceso a camiones particulares de basura\u2014 ninguna autoridad, ni municipal ni estatal o federal se ha atrevido a aplicar acciones y sanciones sobre los responsables de ese foco de contaminaci\u00f3n a cielo abierto.<\/p>\n\n\n\n<p>F\u00e9tidos olores y la invasi\u00f3n de fauna nociva son solo alguna de las consecuencias perceptibles a simple vista por la poblaci\u00f3n; pero tambi\u00e9n se ha convertido en una zona de cero tolerancia, donde nadie ajeno a la organizaci\u00f3n de transporte tiene permitido su acercamiento, lo que incluso ha generado violencia y agresiones de integrantes de CATEM contra ciudadanos y la prensa.<\/p>\n\n\n\n<p>Tal es la impunidad sobre el basurero, que abarca al menos 500 metros lineales sobre dicha ribera, que este 24 de marzo los usuarios prendieron fuego a una parte del tiradero para tratar de liberar espacio y seguir vaciando los camiones particulares de basura, servicio por el que cobran a la ciudadan\u00eda.<\/p>\n\n\n\n<p>El incendio caus\u00f3 enormes columnas de humo y el desalojo de inmuebles, como escuelas cercanas, por el alto grado de contaminaci\u00f3n y fue sofocado sin complicaciones, sin embargo, hasta el momento, nuevamente ninguna autoridad ha emitido un posicionamiento sobre el hecho.<\/p>\n\n\n\n<p>ANTECEDENTES<\/p>\n\n\n\n<p>Fue bajo un supuesto permiso del gobierno municipal de Oaxaca de Ju\u00e1rez que los transportistas de CATEM comenzaron en agosto a descargar sus camiones de basura en ese sitio.<\/p>\n\n\n\n<p>El permiso, presuntamente se ofreci\u00f3 luego que la autoridad municipal no logr\u00f3 que se les siguiera permitiendo su paso al basurero de Villa de Zaachila y tras la protesta de camioneros afiliadas a CATEM y \u201cSol Rojo\u201d el 2 de agosto, cuando vaciaron los desechos de sus veh\u00edculos en Plaza de la Danza y al interior del Palacio Municipal.<\/p>\n\n\n\n<p>Entre las primeras versiones para justificar el nuevo basurero a cielo abierto fue que servir\u00e1 solo de sitio de transferencia, en el que se separar\u00edan los desechos, pero nada de eso ocurri\u00f3.<\/p>\n\n\n\n<p>El basurero crece a la vista de la Procuradur\u00eda de Protecci\u00f3n al Ambiente del Estado de Oaxaca (Propaeo), que hasta el momento no ha informado ning\u00fan tipo de acci\u00f3n para dar fin al problema ambiental en la ribera del r\u00edo \u201cAtoyac\u201d.<\/p>\n\n\n\n<p>Mientras que la Procuradur\u00eda Federal de Protecci\u00f3n al Ambiente (Profepa) tampoco ha logrado sanciones.<\/p>\n\n\n\n<p>Personal de esta dependencia federal tambi\u00e9n fue agredido por miembros de CATEM durante su visita al lugar, impidi\u00e9ndoles continuar con su trabajo, mientras que el gobierno de Oaxaca de Ju\u00e1rez, por medio del Consejero Jur\u00eddico Dagoberto Carre\u00f1o Gopar, indic\u00f3 que el 1 de septiembre la Profepa realiz\u00f3 una inspecci\u00f3n, pero en el \u00e1rea equivocada, lo que impidi\u00f3 sanciones o se\u00f1alamientos sobre presuntos responsables por el \u00e1rea afectada.<\/p>\n","protected":false},"excerpt":{"rendered":"<p>Yuridiana Sosa\/Zona Roja. Oaxaca de Ju\u00e1rez, Oax., a 28 de marzo de 2023.- Pese a&hellip;<\/p>\n","protected":false},"author":2,"featured_media":53231,"comment_status":"closed","ping_status":"open","sticky":false,"template":"","format":"standard","meta":{"_lmt_disableupdate":"","_lmt_disable":"","_jetpack_memberships_contains_paid_content":false,"footnotes":""},"categories":[109,47],"tags":[],"class_list":["post-53314","post","type-post","status-publish","format-standard","has-post-thumbnail","hentry","category-minuto-a-minuto","category-zona-gris"],"jetpack_featured_media_url":"https:\/\/zonaroja.com.mx\/wp-content\/uploads\/2023\/03\/Basurero-clandestino-CATEM-ciudad-de-Oaxaca.jpg","jetpack_sharing_enabled":true,"_links":{"self":[{"href":"https:\/\/zonaroja.com.mx\/index.php?rest_route=\/wp\/v2\/posts\/53314","targetHints":{"allow":["GET"]}}],"collection":[{"href":"https:\/\/zonaroja.com.mx\/index.php?rest_route=\/wp\/v2\/posts"}],"about":[{"href":"https:\/\/zonaroja.com.mx\/index.php?rest_route=\/wp\/v2\/types\/post"}],"author":[{"embeddable":true,"href":"https:\/\/zonaroja.com.mx\/index.php?rest_route=\/wp\/v2\/users\/2"}],"replies":[{"embeddable":true,"href":"https:\/\/zonaroja.com.mx\/index.php?rest_route=%2Fwp%2Fv2%2Fcomments&post=53314"}],"version-history":[{"count":1,"href":"https:\/\/zonaroja.com.mx\/index.php?rest_route=\/wp\/v2\/posts\/53314\/revisions"}],"predecessor-version":[{"id":53315,"href":"https:\/\/zonaroja.com.mx\/index.php?rest_route=\/wp\/v2\/posts\/53314\/revisions\/53315"}],"wp:featuredmedia":[{"embeddable":true,"href":"https:\/\/zonaroja.com.mx\/index.php?rest_route=\/wp\/v2\/media\/53231"}],"wp:attachment":[{"href":"https:\/\/zonaroja.com.mx\/index.php?rest_route=%2Fwp%2Fv2%2Fmedia&parent=53314"}],"wp:term":[{"taxonomy":"category","embeddable":true,"href":"https:\/\/zonaroja.com.mx\/index.php?rest_route=%2Fwp%2Fv2%2Fcategories&post=53314"},{"taxonomy":"post_tag","embeddable":true,"href":"https:\/\/zonaroja.com.mx\/index.php?rest_route=%2Fwp%2Fv2%2Ftags&post=53314"}],"curies":[{"name":"wp","href":"https:\/\/api.w.org\/{rel}","templated":true}]}}