{"id":53317,"date":"2023-03-28T14:06:35","date_gmt":"2023-03-28T20:06:35","guid":{"rendered":"http:\/\/www.zonaroja.com.mx\/?p=53317"},"modified":"2023-03-28T14:08:05","modified_gmt":"2023-03-28T20:08:05","slug":"protestan-indigenas-triquis-contra-neri-en-palacio-municipal","status":"publish","type":"post","link":"https:\/\/zonaroja.com.mx\/?p=53317","title":{"rendered":"Protestan ind\u00edgenas triquis contra Neri, en palacio municipal"},"content":{"rendered":"\n<p>Yuridiana Sosa\/Zona Roja.<\/p>\n\n\n\n<p>Oaxaca de Ju\u00e1rez, Oax., a 28 de marzo de 2023.- Mujeres ind\u00edgenas triquis, desplazadas de San Juan Copala, se manifestaron en Palacio Municipal de la capital para exigir al presidente Francisco Mart\u00ednez Neri espacios para vender sus productos en calles de la ciudad.<\/p>\n\n\n\n<p>Apoyadas con pancartas, las mujeres lideradas por Lorena Merino llegaron hasta las oficinas de la presidencia para reclamar los hechos violentos en su contra en los que han participado inspectores del comercio en v\u00eda p\u00fablica del gobierno de Oaxaca de Ju\u00e1rez.<\/p>\n\n\n\n<p>\u201cRepresiones y desalojos de Francisco Mart\u00ednez Neri y Salom\u00f3n Jara contra desplazados triquis de Copala, el 2 de diciembre y el 28 de febrero\u201d, se\u00f1alaron las manifestantes.<\/p>\n\n\n\n<p>\u201cExigimos espacios o lugares para vender nuestras artesan\u00edas para mantener a nuestros hijos\u201d, destacaron las mujeres, a quienes las autoridades estatales y municipales les prometieron espacios para expender sus productos, pero ninguno ha cumplido.<\/p>\n\n\n\n<p>El pasado 2 de diciembre, durante el desalojo de los ind\u00edgenas triquis del corredor exterior del Palacio de Gobierno, los inspectores municipales se llevaron los productos de venta de los desplazados, y pese a las diversas peticiones para que las devuelvan, el gobierno municipal las sigue reteniendo.<\/p>\n\n\n\n<p>La segunda participaci\u00f3n de la autoridad de Oaxaca de Ju\u00e1rez contra las mujeres ind\u00edgenas de Copala ocurri\u00f3 el pasado 28 de febrero, para la detenci\u00f3n del grupo liderado por Lorena Merino mientras se manifestaban frente a Palacio de Gobierno.<\/p>\n\n\n\n<p>Los inspectores municipales montaron un supuesto operativo de vigilancia para prohibirles la venta de mercanc\u00edas en la v\u00eda p\u00fablica, a pesar que no lo hac\u00edan. Tras ello, elementos de la Polic\u00eda Estatal aprovecharon para detenerlos.<\/p>\n","protected":false},"excerpt":{"rendered":"<p>Yuridiana Sosa\/Zona Roja. Oaxaca de Ju\u00e1rez, Oax., a 28 de marzo de 2023.- Mujeres ind\u00edgenas&hellip;<\/p>\n","protected":false},"author":2,"featured_media":53316,"comment_status":"closed","ping_status":"open","sticky":false,"template":"","format":"standard","meta":{"_lmt_disableupdate":"","_lmt_disable":"","_jetpack_memberships_contains_paid_content":false,"footnotes":""},"categories":[109,47],"tags":[],"class_list":["post-53317","post","type-post","status-publish","format-standard","has-post-thumbnail","hentry","category-minuto-a-minuto","category-zona-gris"],"jetpack_featured_media_url":"https:\/\/zonaroja.com.mx\/wp-content\/uploads\/2023\/03\/0b303f34-2ba2-4e9b-8ced-b5e644703ba8.jpg","jetpack_sharing_enabled":true,"_links":{"self":[{"href":"https:\/\/zonaroja.com.mx\/index.php?rest_route=\/wp\/v2\/posts\/53317","targetHints":{"allow":["GET"]}}],"collection":[{"href":"https:\/\/zonaroja.com.mx\/index.php?rest_route=\/wp\/v2\/posts"}],"about":[{"href":"https:\/\/zonaroja.com.mx\/index.php?rest_route=\/wp\/v2\/types\/post"}],"author":[{"embeddable":true,"href":"https:\/\/zonaroja.com.mx\/index.php?rest_route=\/wp\/v2\/users\/2"}],"replies":[{"embeddable":true,"href":"https:\/\/zonaroja.com.mx\/index.php?rest_route=%2Fwp%2Fv2%2Fcomments&post=53317"}],"version-history":[{"count":1,"href":"https:\/\/zonaroja.com.mx\/index.php?rest_route=\/wp\/v2\/posts\/53317\/revisions"}],"predecessor-version":[{"id":53318,"href":"https:\/\/zonaroja.com.mx\/index.php?rest_route=\/wp\/v2\/posts\/53317\/revisions\/53318"}],"wp:featuredmedia":[{"embeddable":true,"href":"https:\/\/zonaroja.com.mx\/index.php?rest_route=\/wp\/v2\/media\/53316"}],"wp:attachment":[{"href":"https:\/\/zonaroja.com.mx\/index.php?rest_route=%2Fwp%2Fv2%2Fmedia&parent=53317"}],"wp:term":[{"taxonomy":"category","embeddable":true,"href":"https:\/\/zonaroja.com.mx\/index.php?rest_route=%2Fwp%2Fv2%2Fcategories&post=53317"},{"taxonomy":"post_tag","embeddable":true,"href":"https:\/\/zonaroja.com.mx\/index.php?rest_route=%2Fwp%2Fv2%2Ftags&post=53317"}],"curies":[{"name":"wp","href":"https:\/\/api.w.org\/{rel}","templated":true}]}}