{"id":53320,"date":"2023-03-28T17:00:52","date_gmt":"2023-03-28T23:00:52","guid":{"rendered":"http:\/\/www.zonaroja.com.mx\/?p=53320"},"modified":"2023-03-28T17:00:54","modified_gmt":"2023-03-28T23:00:54","slug":"ternurita-responde-ebrard-a-sheinbaum-ante-pretension-de-integrarlo-a-gabinete","status":"publish","type":"post","link":"https:\/\/zonaroja.com.mx\/?p=53320","title":{"rendered":"\u201cTernurita\u201d, responde Ebrard a Sheinbaum, ante pretensi\u00f3n de integrarlo a gabinete"},"content":{"rendered":"\n<p>Redacci\u00f3n\/Zona Roja Cdmx.<\/p>\n\n\n\n<p>Ciudad de M\u00e9xico, a 28 de marzo de 2023.- En caso de llegar a la Presidencia de la Rep\u00fablica, la jefa de Gobierno de la Ciudad de M\u00e9xico, Claudia Sheinbaum, dijo que podr\u00eda incorporar a su gabinete al secretario de Relaciones Exteriores, Marcelo Ebrard, gesto que el canciller calific\u00f3 de tierno.<\/p>\n\n\n\n<p>\u201cYo le agradezco, qu\u00e9 tierna \u00bfno?, bueno, pero bueno. Entonces, yo lo que dir\u00eda es: a m\u00ed me encantar\u00eda que estuviera tambi\u00e9n, por ejemplo, en alg\u00fan cargo del gabinete que voy a encabezar\u201d, respondi\u00f3 el secretario a la propuesta de Sheinbaum.<\/p>\n\n\n\n<p>En una entrevista qu\u00e9 concedi\u00f3 a \u201cMilenio\u201d, la jefa de Gobierno fue cuestionada sobre si invitar\u00eda a las otras dos \u201ccorcholatas\u201d del presidente Andr\u00e9s Manuel L\u00f3pez Obrador, Ad\u00e1n Augusto L\u00f3pez y Marcelo Ebrard, a su gabinete, a lo que respondi\u00f3 \u201cpor supuesto\u201d.<\/p>\n\n\n\n<p>\u201cDepende de ellos tambi\u00e9n qu\u00e9 les gustar\u00eda, qu\u00e9 les interesar\u00eda y, por supuesto, que tiene que haber di\u00e1logo y unidad. Y en ese sentido, tiene que haber un espacio para todos y todas\u201d, plante\u00f3.<\/p>\n\n\n\n<p>Previo a un evento en el que el canciller firm\u00f3 aut\u00f3grafos por su libro \u201cEl camino de M\u00e9xico\u201d, el canciller consider\u00f3 que le falta humildad al ya asumirse como la pr\u00f3xima presidenta de la Rep\u00fablica, a\u00fan cuando falta el proceso de selecci\u00f3n de candidatos y las elecciones de 2024.<\/p>\n\n\n\n<p>\u201cYo creo que nos hace falta un poquito de humildad, la gente todav\u00eda no vota, esperemos a que la gente decida y veamos qu\u00e9 sucede; pero le agradezco el gesto de ternura, de amistad\u201d, resalt\u00f3.<\/p>\n\n\n\n<p>A unas semanas de que se re\u00fanan autoridades de M\u00e9xico y Estados Unidos, el canciller Marcelo Ebrard inform\u00f3 que una de las prioridades del lado mexicano ser\u00e1 frenar el tr\u00e1fico de armas.<\/p>\n\n\n\n<p>Explic\u00f3 que en el homicidio de dos ciudadanos estadounidenses est\u00e1 implicada una arma que se adquiri\u00f3 en Estados Unidos.<\/p>\n\n\n\n<p>\u201cEn lo que hace al reciente homicidio que hubo en Matamoros, Tamaulipas, ya se ubic\u00f3 perfectamente y est\u00e1 en juicio all\u00e1 en Brownsville, que una de las armas fue comprada en Estados Unidos en 2019. Ya tenemos el nombre de quien la compr\u00f3, es un ciudadano norteamericano y ahora estamos investigando c\u00f3mo pas\u00f3 de este lado\u201d, precis\u00f3.<\/p>\n\n\n\n<p>En abril pr\u00f3ximo una comisi\u00f3n de autoridades de Estados Unidos y otra de M\u00e9xico se reunir\u00e1n en Washington para abordar temas de seguridad como el tr\u00e1fico de armas y de fentanilo, sustancia que est\u00e1 ocasionando la muerte de m\u00e1s de 100,000 estadounidenses.<\/p>\n\n\n\n<p>\u201cEs un problema com\u00fan a M\u00e9xico y Estados Unidos. Estados Unidos ha desmantelado laboratorios muy importantes, lo pueden ustedes ver, hay un registro de laboratorios en territorio de Estados Unidos que est\u00e1n produciendo fentanilo hoy, el d\u00eda de hoy; y es un problema com\u00fan porque nosotros ac\u00e1 estamos combatiendo a los que hacen las pastillas, que son laboratorios es mucho decir\u201d, explic\u00f3.<br>(Informaci\u00f3n de Expansi\u00f3n Pol\u00edtica)<\/p>\n","protected":false},"excerpt":{"rendered":"<p>Redacci\u00f3n\/Zona Roja Cdmx. Ciudad de M\u00e9xico, a 28 de marzo de 2023.- En caso de&hellip;<\/p>\n","protected":false},"author":2,"featured_media":53319,"comment_status":"closed","ping_status":"open","sticky":false,"template":"","format":"standard","meta":{"_lmt_disableupdate":"","_lmt_disable":"","_jetpack_memberships_contains_paid_content":false,"footnotes":""},"categories":[109,47],"tags":[],"class_list":["post-53320","post","type-post","status-publish","format-standard","has-post-thumbnail","hentry","category-minuto-a-minuto","category-zona-gris"],"jetpack_featured_media_url":"https:\/\/zonaroja.com.mx\/wp-content\/uploads\/2023\/03\/img_6995.jpg","jetpack_sharing_enabled":true,"_links":{"self":[{"href":"https:\/\/zonaroja.com.mx\/index.php?rest_route=\/wp\/v2\/posts\/53320","targetHints":{"allow":["GET"]}}],"collection":[{"href":"https:\/\/zonaroja.com.mx\/index.php?rest_route=\/wp\/v2\/posts"}],"about":[{"href":"https:\/\/zonaroja.com.mx\/index.php?rest_route=\/wp\/v2\/types\/post"}],"author":[{"embeddable":true,"href":"https:\/\/zonaroja.com.mx\/index.php?rest_route=\/wp\/v2\/users\/2"}],"replies":[{"embeddable":true,"href":"https:\/\/zonaroja.com.mx\/index.php?rest_route=%2Fwp%2Fv2%2Fcomments&post=53320"}],"version-history":[{"count":1,"href":"https:\/\/zonaroja.com.mx\/index.php?rest_route=\/wp\/v2\/posts\/53320\/revisions"}],"predecessor-version":[{"id":53321,"href":"https:\/\/zonaroja.com.mx\/index.php?rest_route=\/wp\/v2\/posts\/53320\/revisions\/53321"}],"wp:featuredmedia":[{"embeddable":true,"href":"https:\/\/zonaroja.com.mx\/index.php?rest_route=\/wp\/v2\/media\/53319"}],"wp:attachment":[{"href":"https:\/\/zonaroja.com.mx\/index.php?rest_route=%2Fwp%2Fv2%2Fmedia&parent=53320"}],"wp:term":[{"taxonomy":"category","embeddable":true,"href":"https:\/\/zonaroja.com.mx\/index.php?rest_route=%2Fwp%2Fv2%2Fcategories&post=53320"},{"taxonomy":"post_tag","embeddable":true,"href":"https:\/\/zonaroja.com.mx\/index.php?rest_route=%2Fwp%2Fv2%2Ftags&post=53320"}],"curies":[{"name":"wp","href":"https:\/\/api.w.org\/{rel}","templated":true}]}}