{"id":5337,"date":"2019-11-01T18:28:50","date_gmt":"2019-11-02T00:28:50","guid":{"rendered":"http:\/\/www.zonaroja.com.mx\/?p=5337"},"modified":"2019-11-01T18:28:53","modified_gmt":"2019-11-02T00:28:53","slug":"recaudacion-de-siguiente-subasta-del-gobierno-federal-sera-para-oaxaca","status":"publish","type":"post","link":"https:\/\/zonaroja.com.mx\/?p=5337","title":{"rendered":"Recaudaci\u00f3n de siguiente subasta del gobierno federal ser\u00e1 para Oaxaca"},"content":{"rendered":"\n<p>Redacci\u00f3n\/Zona\nRoja Cdmx.<\/p>\n\n\n\n<p>Ciudad de\nM\u00e9xico, 1 de noviembre de 2019.- El gobierno que encabeza Andr\u00e9s Manuel L\u00f3pez\nObrador har\u00e1 una subasta especial de diversos art\u00edculos y bienes, cuyas\nganancias ser\u00e1n destinadas a la compra de instrumentos musicales para bandas de\nm\u00fasica del estado de Oaxaca.<\/p>\n\n\n\n<p>La ma\u00f1ana de\neste viernes, se dio a conocer que la actividad se llevar\u00e1 a cabo el pr\u00f3ximo\ndomingo 10 de noviembre y consistir\u00e1 en 45 lotes diversos que van desde joyas,\nembarcaciones, veh\u00edculos y residencias ubicadas en Sinaloa y Los Cabos, Baja\nCalifornia.<\/p>\n\n\n\n<p>En la\nconferencia de prensa matutina, Ricardo Rodr\u00edguez Vargas, encargado del Sistema\nde Administraci\u00f3n y Enajenaci\u00f3n de Bienes (SAE), detall\u00f3 que se trata de 24\nveh\u00edculos divididos en dos bloques: uno de autos deportivos y de lujo, pero de\na\u00f1os anteriores, y otro lote de veh\u00edculos m\u00e1s actuales, en los que destaca un\n\u201cvocho\u201d con precio de salida de dos mil 789 pesos.<\/p>\n\n\n\n<p>En cuanto a\nlas embarcaciones, se trata de dos buques cargueros, con capacidad de\ntransportar combustibles y suministrar mercanc\u00edas a puertos. <\/p>\n\n\n\n<p>Mientras\nque, de los bienes inmuebles, se trata de siete residencias ubicadas en\nSinaloa, con precio de salida de 11 millones, y una ubicada en Los Cabos con\nprecio de salida de 3.8 millones.<\/p>\n","protected":false},"excerpt":{"rendered":"<p>Redacci\u00f3n\/Zona Roja Cdmx. Ciudad de M\u00e9xico, 1 de noviembre de 2019.- El gobierno que encabeza&hellip;<\/p>\n","protected":false},"author":2,"featured_media":5338,"comment_status":"closed","ping_status":"open","sticky":false,"template":"","format":"standard","meta":{"_lmt_disableupdate":"","_lmt_disable":"","_jetpack_memberships_contains_paid_content":false,"footnotes":""},"categories":[109,46],"tags":[],"class_list":["post-5337","post","type-post","status-publish","format-standard","has-post-thumbnail","hentry","category-minuto-a-minuto","category-zona-blanca"],"jetpack_featured_media_url":"https:\/\/zonaroja.com.mx\/wp-content\/uploads\/2019\/11\/instrumento-musical.jpg","jetpack_sharing_enabled":true,"_links":{"self":[{"href":"https:\/\/zonaroja.com.mx\/index.php?rest_route=\/wp\/v2\/posts\/5337","targetHints":{"allow":["GET"]}}],"collection":[{"href":"https:\/\/zonaroja.com.mx\/index.php?rest_route=\/wp\/v2\/posts"}],"about":[{"href":"https:\/\/zonaroja.com.mx\/index.php?rest_route=\/wp\/v2\/types\/post"}],"author":[{"embeddable":true,"href":"https:\/\/zonaroja.com.mx\/index.php?rest_route=\/wp\/v2\/users\/2"}],"replies":[{"embeddable":true,"href":"https:\/\/zonaroja.com.mx\/index.php?rest_route=%2Fwp%2Fv2%2Fcomments&post=5337"}],"version-history":[{"count":1,"href":"https:\/\/zonaroja.com.mx\/index.php?rest_route=\/wp\/v2\/posts\/5337\/revisions"}],"predecessor-version":[{"id":5339,"href":"https:\/\/zonaroja.com.mx\/index.php?rest_route=\/wp\/v2\/posts\/5337\/revisions\/5339"}],"wp:featuredmedia":[{"embeddable":true,"href":"https:\/\/zonaroja.com.mx\/index.php?rest_route=\/wp\/v2\/media\/5338"}],"wp:attachment":[{"href":"https:\/\/zonaroja.com.mx\/index.php?rest_route=%2Fwp%2Fv2%2Fmedia&parent=5337"}],"wp:term":[{"taxonomy":"category","embeddable":true,"href":"https:\/\/zonaroja.com.mx\/index.php?rest_route=%2Fwp%2Fv2%2Fcategories&post=5337"},{"taxonomy":"post_tag","embeddable":true,"href":"https:\/\/zonaroja.com.mx\/index.php?rest_route=%2Fwp%2Fv2%2Ftags&post=5337"}],"curies":[{"name":"wp","href":"https:\/\/api.w.org\/{rel}","templated":true}]}}