{"id":5340,"date":"2019-11-01T18:35:15","date_gmt":"2019-11-02T00:35:15","guid":{"rendered":"http:\/\/www.zonaroja.com.mx\/?p=5340"},"modified":"2019-11-01T18:35:18","modified_gmt":"2019-11-02T00:35:18","slug":"justifica-amlo-ataques-en-redes-sociales-a-periodistas-que-lo-critican","status":"publish","type":"post","link":"https:\/\/zonaroja.com.mx\/?p=5340","title":{"rendered":"Justifica AMLO ataques en redes sociales a periodistas que lo critican"},"content":{"rendered":"\n<p>Redacci\u00f3n\/Zona\nRoja Cdmx.<\/p>\n\n\n\n<p>Ciudad de\nM\u00e9xico, 1 de noviembre de 2019.- Tras las cr\u00edticas de la mayor\u00eda de periodistas\nde M\u00e9xico a las err\u00e1ticas declaraciones de funcionarios del gobierno federal\npor el fallido operativo en Culiac\u00e1n, Sinaloa, se desat\u00f3 una ola de agresiones\na trav\u00e9s de las redes sociales.<\/p>\n\n\n\n<p>Sin embargo,\nel presidente Andr\u00e9s Manuel L\u00f3pez Obrador rechaz\u00f3 que los ataques y amenazas de\nmuerte en contra de los comunicadores que lo cuestionaron en la conferencia de\nprensa matutina del \u00faltimo d\u00eda de octubre hayan sido orquestados por \u201cbots\u201d y\nasegur\u00f3 que refleja la reacci\u00f3n \u201caut\u00e9ntica\u201d de la gente.<\/p>\n\n\n\n<p>En su\nconferencia de prensa matutina de hoy, el mandatario se comprometi\u00f3, sin\nembargo, a realizar una investigaci\u00f3n sobre los insultos a reporteros y\nreporteras derivadas de los hashtags #PrensaProstituida #PrensaSicaria y\n#PrensaCorrupta.<\/p>\n\n\n\n<p>&nbsp;\u201cLa verdad no creo que se haya hecho. Creo que\nfue la reacci\u00f3n de la gente. Aut\u00e9ntico, no artificial. Es que as\u00ed est\u00e1 la\nsituaci\u00f3n, a veces no nos percatamos nosotros, pero hay una sociedad muy\npolitizada, como nunca en la historia de M\u00e9xico\u201d, lanz\u00f3.<\/p>\n\n\n\n<p>Agreg\u00f3:<\/p>\n\n\n\n<p>\u201cYa no hay\nciudadanos imaginarios. La gente est\u00e1 m\u00e1s que despierta y se tiene ese\ninstrumento que antes no exist\u00eda que son las redes sociales y cualquier cosa\nque la gente considera no adecuada, a su criterio, lo expone con libertad\u201d.<\/p>\n\n\n\n<p>Sobre los\ninsultos a la prensa, L\u00f3pez Obrador se\u00f1al\u00f3: \u201cno, eso est\u00e1 mal eso est\u00e1 mal.\nPero aqu\u00ed voy a que, de acuerdo a mi experiencia, al conocimiento que tengo\nsobre estos asuntos, no creo que sean bots, al no ser que sean de nuestros\nenemigos o adversarios, que para exacerbar las diferencias de nosotros con los\nmedios, ahora s\u00ed que como se dice coloquialmente, para amarrar navajas, hayan\ndesatado esa campa\u00f1a, tampoco creo, lo veo m\u00e1s espontaneo\u201d.<\/p>\n\n\n\n<p>A decir del\npresidente, es importante hacer la investigaci\u00f3n, porque \u201ces medir bien lo que\nest\u00e1 sucediendo; y esto no solo es para nosotros, o sea, es para todos\u2026\nEntonces, lo que est\u00e1 mal\u2026 bueno, primero que no debe de haber bots, que no\ndebe de haber robots, esto es una vil manipulaci\u00f3n, pero eso se puede saber\u201d,\nacot\u00f3.<\/p>\n\n\n\n<p>El\nmandatario insisti\u00f3 en que \u201cla \u00fanica cosa que pido es que yo pueda ejercer mi\nderecho de r\u00e9plica, nada m\u00e1s, porque no me voy a callar. Tengo yo que\ninformarles tambi\u00e9n a los ciudadanos o dar mi opini\u00f3n, y que todos actuemos\nbien y no nos extralimitemos, los mismos ciudadanos en las redes sociales, que\ntodos podamos argumentar m\u00e1s que optar por los insultos\u201d.<\/p>\n\n\n\n<p>(Con\ninformaci\u00f3n de la agencia \u201cProceso\u201d).<\/p>\n","protected":false},"excerpt":{"rendered":"<p>Redacci\u00f3n\/Zona Roja Cdmx. Ciudad de M\u00e9xico, 1 de noviembre de 2019.- Tras las cr\u00edticas de&hellip;<\/p>\n","protected":false},"author":2,"featured_media":5341,"comment_status":"closed","ping_status":"open","sticky":false,"template":"","format":"standard","meta":{"_lmt_disableupdate":"","_lmt_disable":"","_jetpack_memberships_contains_paid_content":false,"footnotes":""},"categories":[109,47],"tags":[143],"class_list":["post-5340","post","type-post","status-publish","format-standard","has-post-thumbnail","hentry","category-minuto-a-minuto","category-zona-gris","tag-andres-manuel-lopez-obrador"],"jetpack_featured_media_url":"https:\/\/zonaroja.com.mx\/wp-content\/uploads\/2019\/11\/conferencia-amlo.jpeg","jetpack_sharing_enabled":true,"_links":{"self":[{"href":"https:\/\/zonaroja.com.mx\/index.php?rest_route=\/wp\/v2\/posts\/5340","targetHints":{"allow":["GET"]}}],"collection":[{"href":"https:\/\/zonaroja.com.mx\/index.php?rest_route=\/wp\/v2\/posts"}],"about":[{"href":"https:\/\/zonaroja.com.mx\/index.php?rest_route=\/wp\/v2\/types\/post"}],"author":[{"embeddable":true,"href":"https:\/\/zonaroja.com.mx\/index.php?rest_route=\/wp\/v2\/users\/2"}],"replies":[{"embeddable":true,"href":"https:\/\/zonaroja.com.mx\/index.php?rest_route=%2Fwp%2Fv2%2Fcomments&post=5340"}],"version-history":[{"count":1,"href":"https:\/\/zonaroja.com.mx\/index.php?rest_route=\/wp\/v2\/posts\/5340\/revisions"}],"predecessor-version":[{"id":5342,"href":"https:\/\/zonaroja.com.mx\/index.php?rest_route=\/wp\/v2\/posts\/5340\/revisions\/5342"}],"wp:featuredmedia":[{"embeddable":true,"href":"https:\/\/zonaroja.com.mx\/index.php?rest_route=\/wp\/v2\/media\/5341"}],"wp:attachment":[{"href":"https:\/\/zonaroja.com.mx\/index.php?rest_route=%2Fwp%2Fv2%2Fmedia&parent=5340"}],"wp:term":[{"taxonomy":"category","embeddable":true,"href":"https:\/\/zonaroja.com.mx\/index.php?rest_route=%2Fwp%2Fv2%2Fcategories&post=5340"},{"taxonomy":"post_tag","embeddable":true,"href":"https:\/\/zonaroja.com.mx\/index.php?rest_route=%2Fwp%2Fv2%2Ftags&post=5340"}],"curies":[{"name":"wp","href":"https:\/\/api.w.org\/{rel}","templated":true}]}}