{"id":5343,"date":"2019-11-02T07:40:21","date_gmt":"2019-11-02T13:40:21","guid":{"rendered":"http:\/\/www.zonaroja.com.mx\/?p=5343"},"modified":"2019-11-02T11:32:52","modified_gmt":"2019-11-02T17:32:52","slug":"auto-arrolla-a-comparsa-en-san-agustin-etla-intentan-linchar-a-ocupantes","status":"publish","type":"post","link":"https:\/\/zonaroja.com.mx\/?p=5343","title":{"rendered":"Auto arrolla a comparsa en San Agust\u00edn, Etla; intentan linchar a ocupantes"},"content":{"rendered":"\n<p>Redacci\u00f3n\/Zona\nRoja.<\/p>\n\n\n\n<p>Oaxaca de\nJu\u00e1rez, Oax., 2 de noviembre de 2019.- Un veh\u00edculo arroll\u00f3 a los integrantes de\nuna comparsa que se realizaba en San Agust\u00edn, municipio del distrito de Etla,\nOaxaca.<\/p>\n\n\n\n<p>Los hechos ocurrieron la madrugada de este s\u00e1bado cuando la festividad cruzaba la avenida principal y un veh\u00edculo marca Nissan, tipo Versa, placas de circulaci\u00f3n TKY-5414 intent\u00f3 cruzar el desfile.<\/p>\n\n\n\n<figure class=\"wp-block-embed-twitter wp-block-embed is-type-rich is-provider-twitter\"><div class=\"wp-block-embed__wrapper\">\n<div class=\"twitter-tweet\"><blockquote class=\"twitter-tweet\" data-lang=\"es\"><p lang=\"es\" dir=\"ltr\">Un auto nos embisti\u00f3 por detr\u00e1s y a toda velocidad en la muerteada de SAN AGUST\u00cdN etla. En la madrugada de este s\u00e1bado. La gente tratando de sacar a los pasajeros. <a href=\"https:\/\/t.co\/TwJsbZzBHJ\">pic.twitter.com\/TwJsbZzBHJ<\/a><\/p>&mdash; Se\u00f1ora de los Tejates (@JannisMerida) <a href=\"https:\/\/twitter.com\/JannisMerida\/status\/1190573266064363520?ref_src=twsrc%5Etfw\">2 de noviembre de 2019<\/a><\/blockquote><\/div>\n<\/div><\/figure>\n\n\n\n<p>Enardecidos,\nlos pobladores arremetieron en contra de la unidad y da\u00f1aron con palos y\npiedras, tras lo cual bajaron al conductor y tres ocupantes, que intentaron\nlinchar; en seguida levantaron el coche para buscar probables heridos.<\/p>\n\n\n\n<p>Elementos de la Polic\u00eda Municipal arribaron al lugar de los hechos y lograron rescatar a las cuatro personas y la pusieron a disposici\u00f3n de las autoridades; el chofer fue golpeado y presenta diversas lesiones. Hasta el momento no se ha especificado el n\u00famero de personas lesionadas.<\/p>\n\n\n\n<figure class=\"wp-block-embed-twitter wp-block-embed is-type-rich is-provider-twitter\"><div class=\"wp-block-embed__wrapper\">\n<div class=\"twitter-tweet\"><blockquote class=\"twitter-tweet\" data-lang=\"es\"><p lang=\"es\" dir=\"ltr\">La gente de la muerteada destruy\u00f3 el veh\u00edculo luego de que este embistiera a los asistentes, en San Agust\u00edn etla, Oaxaca. Los tripulantes fueron llevados a la c\u00e1rcel a un lado de los hechos, ocurridos junto al palacio municipal. <a href=\"https:\/\/t.co\/zIbdAXEUFv\">pic.twitter.com\/zIbdAXEUFv<\/a><\/p>&mdash; Se\u00f1ora de los Tejates (@JannisMerida) <a href=\"https:\/\/twitter.com\/JannisMerida\/status\/1190576933760843778?ref_src=twsrc%5Etfw\">2 de noviembre de 2019<\/a><\/blockquote><\/div>\n<\/div><\/figure>\n","protected":false},"excerpt":{"rendered":"<p>Redacci\u00f3n\/Zona Roja. Oaxaca de Ju\u00e1rez, Oax., 2 de noviembre de 2019.- Un veh\u00edculo arroll\u00f3 a&hellip;<\/p>\n","protected":false},"author":2,"featured_media":5344,"comment_status":"closed","ping_status":"open","sticky":false,"template":"","format":"standard","meta":{"_lmt_disableupdate":"","_lmt_disable":"","_jetpack_memberships_contains_paid_content":false,"footnotes":""},"categories":[109,47],"tags":[940],"class_list":["post-5343","post","type-post","status-publish","format-standard","has-post-thumbnail","hentry","category-minuto-a-minuto","category-zona-gris","tag-san-agustin-etla"],"jetpack_featured_media_url":"https:\/\/zonaroja.com.mx\/wp-content\/uploads\/2019\/11\/PHOTO-2019-11-02-06-18-01.jpg","jetpack_sharing_enabled":true,"_links":{"self":[{"href":"https:\/\/zonaroja.com.mx\/index.php?rest_route=\/wp\/v2\/posts\/5343","targetHints":{"allow":["GET"]}}],"collection":[{"href":"https:\/\/zonaroja.com.mx\/index.php?rest_route=\/wp\/v2\/posts"}],"about":[{"href":"https:\/\/zonaroja.com.mx\/index.php?rest_route=\/wp\/v2\/types\/post"}],"author":[{"embeddable":true,"href":"https:\/\/zonaroja.com.mx\/index.php?rest_route=\/wp\/v2\/users\/2"}],"replies":[{"embeddable":true,"href":"https:\/\/zonaroja.com.mx\/index.php?rest_route=%2Fwp%2Fv2%2Fcomments&post=5343"}],"version-history":[{"count":2,"href":"https:\/\/zonaroja.com.mx\/index.php?rest_route=\/wp\/v2\/posts\/5343\/revisions"}],"predecessor-version":[{"id":5353,"href":"https:\/\/zonaroja.com.mx\/index.php?rest_route=\/wp\/v2\/posts\/5343\/revisions\/5353"}],"wp:featuredmedia":[{"embeddable":true,"href":"https:\/\/zonaroja.com.mx\/index.php?rest_route=\/wp\/v2\/media\/5344"}],"wp:attachment":[{"href":"https:\/\/zonaroja.com.mx\/index.php?rest_route=%2Fwp%2Fv2%2Fmedia&parent=5343"}],"wp:term":[{"taxonomy":"category","embeddable":true,"href":"https:\/\/zonaroja.com.mx\/index.php?rest_route=%2Fwp%2Fv2%2Fcategories&post=5343"},{"taxonomy":"post_tag","embeddable":true,"href":"https:\/\/zonaroja.com.mx\/index.php?rest_route=%2Fwp%2Fv2%2Ftags&post=5343"}],"curies":[{"name":"wp","href":"https:\/\/api.w.org\/{rel}","templated":true}]}}