{"id":5346,"date":"2019-11-02T10:17:04","date_gmt":"2019-11-02T16:17:04","guid":{"rendered":"http:\/\/www.zonaroja.com.mx\/?p=5346"},"modified":"2019-11-02T10:17:07","modified_gmt":"2019-11-02T16:17:07","slug":"declararan-deceso-de-edil-de-valle-de-chalco-tras-muerte-cerebral","status":"publish","type":"post","link":"https:\/\/zonaroja.com.mx\/?p=5346","title":{"rendered":"Declarar\u00e1n deceso de edil de Valle de Chalco, tras muerte cerebral"},"content":{"rendered":"\n<p>Redacci\u00f3n\/Zona\nRoja Cdmx.<\/p>\n\n\n\n<p>Ciudad de\nM\u00e9xico, 2 de noviembre de 2019.- La tarde de este 2 de noviembre ser\u00eda\ndeclarado el deceso del presidente municipal de Valle de Chalco, Francisco\nTenorio Contreras, tras ser declarada ayer por la tarde con muerte cerebral,\npor parte de la Secretar\u00eda de Salud del Estado de M\u00e9xico.<\/p>\n\n\n\n<p>El edil\nsufri\u00f3 un atentado el pasado martes en la unidad habitacional Geovillas la\nAsunci\u00f3n de ese municipio, donde un sujeto le dispar\u00f3 en la cabeza.<\/p>\n\n\n\n<p>Ayer\npracticaron al edil, surgido del Partido Morena, un nuevo encefalograma, pues\nen las \u00faltimas horas su estado de salud se deterior\u00f3 y se le diagnostic\u00f3 muerte\ncerebral. <\/p>\n\n\n\n<p>Luego del\nataque, en el que tambi\u00e9n fue lesionado su secretario particular, Tenorio Contreras\nfue internado en el hospital de alta especialidad de Ixtapaluca, uno de los m\u00e1s\nequipados en el Estado de M\u00e9xico.<\/p>\n\n\n\n<p>Seg\u00fan el\ndiario \u201cLa Jornada\u201d, se enviaron los m\u00e9dicos de mayor experiencia y capacitados\npara atender al edil de 46 a\u00f1os , quien en marzo pasado denunci\u00f3 p\u00fablicamente\nser v\u00edctima de amenazas de muerte, y se\u00f1al\u00f3 a extorsionadores y a ex polic\u00edas\nmunicipales, como los responsables.<\/p>\n\n\n\n<p>El\nsecretario de Salud del estado de M\u00e9xico, Gabriel Oshea Cuevas inform\u00f3 por la\nma\u00f1ana que al mun\u00edcipe le particaron una craneotom\u00eda. Aparte de eso tiene\nhemorragia, un hematoma, desequilibrio electrol\u00edtico y se ha deteriorado su\nsalud hora tras hora; su estado es muy grave y el pron\u00f3stico es muy malo, dijo\nen entrevista durante una gira al sur de la entidad.<\/p>\n\n\n\n<p>Detall\u00f3 que\nel edil presentaba una lesi\u00f3n cerebral catastr\u00f3fica, con salida de masa\nencef\u00e1lica. El orificio de entrada fue occipital de lado izquierdo y con salida\nde lado temporal derecho, explic\u00f3.<\/p>\n\n\n\n<p>Seg\u00fan la Ley\nOrg\u00e1nica Municipal, Eliseo G\u00f3mez L\u00f3pez, secretario del ayuntamiento, quedar\u00e1 al\nfrente de la administraci\u00f3n por los pr\u00f3ximos 15 d\u00edas.<\/p>\n\n\n\n<p>En ese\nperiodo, el cuerpo edilicio integrado por s\u00edndicos y regidores, deber\u00e1 sesionar\npara dar posesi\u00f3n a Armando Garc\u00eda (edil suplente) como nuevo mun\u00edcipe. Si \u00e9ste\nrechaza la encomienda, el gobernador Alfredo del Mazo propondr\u00e1 una terna y\nser\u00e1 el Congreso local elegir\u00e1 entre los integrantes del cabildo, a quien\ndeber\u00e1 cumplir el trienio.<\/p>\n","protected":false},"excerpt":{"rendered":"<p>Redacci\u00f3n\/Zona Roja Cdmx. Ciudad de M\u00e9xico, 2 de noviembre de 2019.- La tarde de este&hellip;<\/p>\n","protected":false},"author":2,"featured_media":5347,"comment_status":"closed","ping_status":"open","sticky":false,"template":"","format":"standard","meta":{"_lmt_disableupdate":"","_lmt_disable":"","_jetpack_memberships_contains_paid_content":false,"footnotes":""},"categories":[109,47],"tags":[942,941],"class_list":["post-5346","post","type-post","status-publish","format-standard","has-post-thumbnail","hentry","category-minuto-a-minuto","category-zona-gris","tag-francisco-tenorio-contreras","tag-valle-de-chalco"],"jetpack_featured_media_url":"https:\/\/zonaroja.com.mx\/wp-content\/uploads\/2019\/11\/Image-1-44.png","jetpack_sharing_enabled":true,"_links":{"self":[{"href":"https:\/\/zonaroja.com.mx\/index.php?rest_route=\/wp\/v2\/posts\/5346","targetHints":{"allow":["GET"]}}],"collection":[{"href":"https:\/\/zonaroja.com.mx\/index.php?rest_route=\/wp\/v2\/posts"}],"about":[{"href":"https:\/\/zonaroja.com.mx\/index.php?rest_route=\/wp\/v2\/types\/post"}],"author":[{"embeddable":true,"href":"https:\/\/zonaroja.com.mx\/index.php?rest_route=\/wp\/v2\/users\/2"}],"replies":[{"embeddable":true,"href":"https:\/\/zonaroja.com.mx\/index.php?rest_route=%2Fwp%2Fv2%2Fcomments&post=5346"}],"version-history":[{"count":1,"href":"https:\/\/zonaroja.com.mx\/index.php?rest_route=\/wp\/v2\/posts\/5346\/revisions"}],"predecessor-version":[{"id":5348,"href":"https:\/\/zonaroja.com.mx\/index.php?rest_route=\/wp\/v2\/posts\/5346\/revisions\/5348"}],"wp:featuredmedia":[{"embeddable":true,"href":"https:\/\/zonaroja.com.mx\/index.php?rest_route=\/wp\/v2\/media\/5347"}],"wp:attachment":[{"href":"https:\/\/zonaroja.com.mx\/index.php?rest_route=%2Fwp%2Fv2%2Fmedia&parent=5346"}],"wp:term":[{"taxonomy":"category","embeddable":true,"href":"https:\/\/zonaroja.com.mx\/index.php?rest_route=%2Fwp%2Fv2%2Fcategories&post=5346"},{"taxonomy":"post_tag","embeddable":true,"href":"https:\/\/zonaroja.com.mx\/index.php?rest_route=%2Fwp%2Fv2%2Ftags&post=5346"}],"curies":[{"name":"wp","href":"https:\/\/api.w.org\/{rel}","templated":true}]}}