{"id":5349,"date":"2019-11-02T11:30:07","date_gmt":"2019-11-02T17:30:07","guid":{"rendered":"http:\/\/www.zonaroja.com.mx\/?p=5349"},"modified":"2019-11-02T11:30:11","modified_gmt":"2019-11-02T17:30:11","slug":"confirman-designacion-de-bachiller-en-policia-vial-estatal-de-oaxaca","status":"publish","type":"post","link":"https:\/\/zonaroja.com.mx\/?p=5349","title":{"rendered":"Confirman designaci\u00f3n de bachiller en Polic\u00eda Vial Estatal de Oaxaca"},"content":{"rendered":"\n<p>Redacci\u00f3n\/Zona\nRoja.<\/p>\n\n\n\n<p>Oaxaca de\nJu\u00e1rez, Oax., 2 de noviembre de 2019.- Un t\u00e9cnico en electricidad, egresado del\nColegio Nacional de Educaci\u00f3n Profesional T\u00e9cnica (Conalep), y sin\nconocimientos en materia de vialidad y seguridad, fue designado como director\nde la Polic\u00eda Vial Estatal de Oaxaca.<\/p>\n\n\n\n<p>Ayer por la tarde, el titular de la Secretar\u00eda de Seguridad P\u00fablica de Oaxaca, Ra\u00fal Ernesto Salcedo, le tom\u00f3 la protesta de ley a David Antonio Jim\u00e9nez, hijo del ex presidente municipal de Mat\u00edas Romero, David Antonio Toledo, quien en las pasadas elecciones para gobernador, respald\u00f3 al candidato H\u00e9ctor Pablo Ram\u00edrez Puga Leyva.<\/p>\n\n\n\n<figure class=\"wp-block-image\"><img decoding=\"async\" width=\"1024\" height=\"668\" src=\"http:\/\/www.zonaroja.com.mx\/wp-content\/uploads\/2019\/11\/David-Antonio-Jim\u00e9nez-1-1024x668.jpg\" alt=\"\" class=\"wp-image-5351\" srcset=\"https:\/\/zonaroja.com.mx\/wp-content\/uploads\/2019\/11\/David-Antonio-Jim\u00e9nez-1-1024x668.jpg 1024w, https:\/\/zonaroja.com.mx\/wp-content\/uploads\/2019\/11\/David-Antonio-Jim\u00e9nez-1-300x196.jpg 300w, https:\/\/zonaroja.com.mx\/wp-content\/uploads\/2019\/11\/David-Antonio-Jim\u00e9nez-1-768x501.jpg 768w, https:\/\/zonaroja.com.mx\/wp-content\/uploads\/2019\/11\/David-Antonio-Jim\u00e9nez-1-1170x763.jpg 1170w, https:\/\/zonaroja.com.mx\/wp-content\/uploads\/2019\/11\/David-Antonio-Jim\u00e9nez-1-1920x1253.jpg 1920w, https:\/\/zonaroja.com.mx\/wp-content\/uploads\/2019\/11\/David-Antonio-Jim\u00e9nez-1-585x382.jpg 585w, https:\/\/zonaroja.com.mx\/wp-content\/uploads\/2019\/11\/David-Antonio-Jim\u00e9nez-1.jpg 2048w\" sizes=\"(max-width: 1024px) 100vw, 1024px\" \/><\/figure>\n\n\n\n<p>El joven\ntambi\u00e9n hab\u00eda sido favorecido con un cargo en Leche Industrializada Conasupo\n(Liconsa), cuando esta empresa era dirigida por Ram\u00edrez Puga Leyva.<\/p>\n\n\n\n<p>Hasta el momento, la Secretar\u00eda de Seguridad no ha dado a conocer el curr\u00edculum de Antonio Jim\u00e9nez, y de acuerdo con los documentos difundidos, \u00fanicamente cuenta con el t\u00edtulo de Profesional T\u00e9cnico Bachillerato en Electricidad Industrial por parte del Conalep, con n\u00famero de c\u00e9dula 9488662, que concluy\u00f3 en el a\u00f1o 2016.<\/p>\n\n\n\n<p>De manera\noficial a\u00fan no han aportado detalles acerca de los cursos de capacitaci\u00f3n o\nestudios que el nuevo director de la Polic\u00eda Vial Estatal tenga en materia de\nseguridad.<\/p>\n","protected":false},"excerpt":{"rendered":"<p>Redacci\u00f3n\/Zona Roja. Oaxaca de Ju\u00e1rez, Oax., 2 de noviembre de 2019.- Un t\u00e9cnico en electricidad,&hellip;<\/p>\n","protected":false},"author":2,"featured_media":5350,"comment_status":"closed","ping_status":"open","sticky":false,"template":"","format":"standard","meta":{"_lmt_disableupdate":"","_lmt_disable":"","_jetpack_memberships_contains_paid_content":false,"footnotes":""},"categories":[109,47],"tags":[943],"class_list":["post-5349","post","type-post","status-publish","format-standard","has-post-thumbnail","hentry","category-minuto-a-minuto","category-zona-gris","tag-david-antonio-jimenez"],"jetpack_featured_media_url":"https:\/\/zonaroja.com.mx\/wp-content\/uploads\/2019\/11\/David-Antonio-Jim\u00e9nez-2.jpg","jetpack_sharing_enabled":true,"_links":{"self":[{"href":"https:\/\/zonaroja.com.mx\/index.php?rest_route=\/wp\/v2\/posts\/5349","targetHints":{"allow":["GET"]}}],"collection":[{"href":"https:\/\/zonaroja.com.mx\/index.php?rest_route=\/wp\/v2\/posts"}],"about":[{"href":"https:\/\/zonaroja.com.mx\/index.php?rest_route=\/wp\/v2\/types\/post"}],"author":[{"embeddable":true,"href":"https:\/\/zonaroja.com.mx\/index.php?rest_route=\/wp\/v2\/users\/2"}],"replies":[{"embeddable":true,"href":"https:\/\/zonaroja.com.mx\/index.php?rest_route=%2Fwp%2Fv2%2Fcomments&post=5349"}],"version-history":[{"count":1,"href":"https:\/\/zonaroja.com.mx\/index.php?rest_route=\/wp\/v2\/posts\/5349\/revisions"}],"predecessor-version":[{"id":5352,"href":"https:\/\/zonaroja.com.mx\/index.php?rest_route=\/wp\/v2\/posts\/5349\/revisions\/5352"}],"wp:featuredmedia":[{"embeddable":true,"href":"https:\/\/zonaroja.com.mx\/index.php?rest_route=\/wp\/v2\/media\/5350"}],"wp:attachment":[{"href":"https:\/\/zonaroja.com.mx\/index.php?rest_route=%2Fwp%2Fv2%2Fmedia&parent=5349"}],"wp:term":[{"taxonomy":"category","embeddable":true,"href":"https:\/\/zonaroja.com.mx\/index.php?rest_route=%2Fwp%2Fv2%2Fcategories&post=5349"},{"taxonomy":"post_tag","embeddable":true,"href":"https:\/\/zonaroja.com.mx\/index.php?rest_route=%2Fwp%2Fv2%2Ftags&post=5349"}],"curies":[{"name":"wp","href":"https:\/\/api.w.org\/{rel}","templated":true}]}}