{"id":53505,"date":"2023-04-03T08:30:04","date_gmt":"2023-04-03T13:30:04","guid":{"rendered":"http:\/\/www.zonaroja.com.mx\/?p=53505"},"modified":"2023-04-03T08:30:05","modified_gmt":"2023-04-03T13:30:05","slug":"inicia-santa-lucia-del-camino-jornadas-culturales-para-toda-la-poblacion","status":"publish","type":"post","link":"https:\/\/zonaroja.com.mx\/?p=53505","title":{"rendered":"Inicia Santa Luc\u00eda del Camino jornadas culturales para toda la poblaci\u00f3n"},"content":{"rendered":"\n<p>Redacci\u00f3n\/Zona Roja.<\/p>\n\n\n\n<p>Oaxaca de Ju\u00e1rez, Oax., a 3 de abril de 2023.- El presidente municipal de Santa Luc\u00eda del Camino, Juan Carlos Garc\u00eda M\u00e1rquez, acompa\u00f1ado de su esposa Bety Santos, presidenta Honoraria del DIF municipal, y de sus hijos, encabez\u00f3 la primera edici\u00f3n del \u201cS\u00e1bado Cultural\u201d, en ese municipio.<\/p>\n\n\n\n<p>El edil expres\u00f3 su satisfacci\u00f3n por la amplia convocatoria de familias que se dieron cita a disfrutar de la m\u00fasica, bailes y dem\u00e1s actividades que se pudieron vivir y que tienen el objetivo de rescatar y resaltar la multiculturalidad de Santa Luc\u00eda del Camino.  <\/p>\n\n\n\n<p>\u201cQueremos que esta iniciativa sea para poder pasar un rato agradable en familia, en sano esparcimiento, as\u00ed como apoyar a los grupos folcl\u00f3ricos, a la banda infantil y juvenil, y a los comerciantes locales que expender\u00e1n sus productos\u201d, afirm\u00f3 Garc\u00eda M\u00e1rquez.   <br><\/p>\n\n\n\n<p>El evento se desarroll\u00f3 en la explanada del Palacio Municipal y se replicar\u00e1 el primer s\u00e1bado de cada mes, parta disfrutar de la cultura tan diversa que conviven en Santa Luc\u00eda del Camino.  <\/p>\n\n\n\n<p>Por su parte, Bety Santos calific\u00f3 de espectacular el apoyo de la ciudadan\u00eda y las representaciones de las danzas m\u00e1s representativas de la entidad. As\u00ed tambi\u00e9n, invit\u00f3 a la ciudadan\u00eda a acudir en las pr\u00f3ximas emisiones del S\u00e1bado Cultural para disfrutar de \u201cun magnifico momento en familia\u201d.<\/p>\n","protected":false},"excerpt":{"rendered":"<p>Redacci\u00f3n\/Zona Roja. Oaxaca de Ju\u00e1rez, Oax., a 3 de abril de 2023.- El presidente municipal&hellip;<\/p>\n","protected":false},"author":2,"featured_media":53504,"comment_status":"closed","ping_status":"open","sticky":false,"template":"","format":"standard","meta":{"_lmt_disableupdate":"","_lmt_disable":"","_jetpack_memberships_contains_paid_content":false,"footnotes":""},"categories":[109,46],"tags":[],"class_list":["post-53505","post","type-post","status-publish","format-standard","has-post-thumbnail","hentry","category-minuto-a-minuto","category-zona-blanca"],"jetpack_featured_media_url":"https:\/\/zonaroja.com.mx\/wp-content\/uploads\/2023\/04\/sabado-cultural-santa-lucia-del-camino.jpg","jetpack_sharing_enabled":true,"_links":{"self":[{"href":"https:\/\/zonaroja.com.mx\/index.php?rest_route=\/wp\/v2\/posts\/53505","targetHints":{"allow":["GET"]}}],"collection":[{"href":"https:\/\/zonaroja.com.mx\/index.php?rest_route=\/wp\/v2\/posts"}],"about":[{"href":"https:\/\/zonaroja.com.mx\/index.php?rest_route=\/wp\/v2\/types\/post"}],"author":[{"embeddable":true,"href":"https:\/\/zonaroja.com.mx\/index.php?rest_route=\/wp\/v2\/users\/2"}],"replies":[{"embeddable":true,"href":"https:\/\/zonaroja.com.mx\/index.php?rest_route=%2Fwp%2Fv2%2Fcomments&post=53505"}],"version-history":[{"count":1,"href":"https:\/\/zonaroja.com.mx\/index.php?rest_route=\/wp\/v2\/posts\/53505\/revisions"}],"predecessor-version":[{"id":53506,"href":"https:\/\/zonaroja.com.mx\/index.php?rest_route=\/wp\/v2\/posts\/53505\/revisions\/53506"}],"wp:featuredmedia":[{"embeddable":true,"href":"https:\/\/zonaroja.com.mx\/index.php?rest_route=\/wp\/v2\/media\/53504"}],"wp:attachment":[{"href":"https:\/\/zonaroja.com.mx\/index.php?rest_route=%2Fwp%2Fv2%2Fmedia&parent=53505"}],"wp:term":[{"taxonomy":"category","embeddable":true,"href":"https:\/\/zonaroja.com.mx\/index.php?rest_route=%2Fwp%2Fv2%2Fcategories&post=53505"},{"taxonomy":"post_tag","embeddable":true,"href":"https:\/\/zonaroja.com.mx\/index.php?rest_route=%2Fwp%2Fv2%2Ftags&post=53505"}],"curies":[{"name":"wp","href":"https:\/\/api.w.org\/{rel}","templated":true}]}}