{"id":53509,"date":"2023-04-03T09:16:04","date_gmt":"2023-04-03T14:16:04","guid":{"rendered":"http:\/\/www.zonaroja.com.mx\/?p=53509"},"modified":"2023-04-03T09:16:07","modified_gmt":"2023-04-03T14:16:07","slug":"sigue-la-guerra-de-comunicados-en-la-zona-triqui-mult-acusa-agresiones","status":"publish","type":"post","link":"https:\/\/zonaroja.com.mx\/?p=53509","title":{"rendered":"Sigue la guerra de comunicados en la zona Triqui; MULT acusa agresiones"},"content":{"rendered":"\n<p>Redacci\u00f3n\/Zona Roja.<\/p>\n\n\n\n<p>Oaxaca de Ju\u00e1rez, Oax., a 3 de abril de 2023.- La guerra de acusaciones y de comunicados entre organizaciones de ind\u00edgenas Triquis contin\u00faa y ahora fue el MULT que revir\u00f3 a las denuncias del MULTI y acus\u00f3 de agresiones armadas.<\/p>\n\n\n\n<p>Seg\u00fan un documento emitido este domingo, \u201cpor en\u00e9sima vez el grup\u00fasculo de criminales han atacado a los compa\u00f1eros integrantes del MULT\u201d.<\/p>\n\n\n\n<p>Pues el 1 de abril a las 17:30 horas aproximadamente, un grupo armado dispar\u00f3 contra la comunidad hermana de Cieneguilla y este domingo a las 10:30 horas nuevamente contra la comunidad de Tierra Blanca sin que hubiera v\u00edctimas que lamentar.<\/p>\n\n\n\n<p>\u201cLas provocaciones de estos paramilitares pese a nuestro llamado del cese a los ataques contra las comunidades adherentes a nuestra organizaci\u00f3n, siguen de manera sistem\u00e1tica.<\/p>\n\n\n\n<p>\u201cPor lo anterior, exigimos en\u00e9rgicamente alto a los ataques contra las comunidades adherentes al MULT y seguimos apostando a la construcci\u00f3n de un di\u00e1logo verdadero para la paz de manera colectiva por todos los actores y seguimos repudiamos la violencia venga de donde venga\u201d, indic\u00f3.<\/p>\n\n\n\n<p>La organizaci\u00f3n social Movimiento de Unificaci\u00f3n y Lucha Triqui reiter\u00f3 su llamado a los gobiernos gobierno federal, estatal y municipal a que ejerzan sus facultades constitucionales \u201cpara frenar al grupo violento que ha sembrado terror en las comunidades\u201d.<\/p>\n\n\n\n<p>Anunci\u00f3 que el pr\u00f3ximo 10 de abrilsaldr\u00e1n a las calles para levantar su voz por el esclarecimiento de los cr\u00edmenes cometidos contra su organizaci\u00f3n.<\/p>\n\n\n\n<p>Apenas ayer, el MULTI denunci\u00f3 que uno de sus militantes fue asesinado a balazos en el centro del municipio de Santiago Juxtlahuaca, caso que ya investiga la Fiscal\u00eda General del Estado de Oaxaca.<\/p>\n","protected":false},"excerpt":{"rendered":"<p>Redacci\u00f3n\/Zona Roja. Oaxaca de Ju\u00e1rez, Oax., a 3 de abril de 2023.- La guerra de&hellip;<\/p>\n","protected":false},"author":2,"featured_media":53508,"comment_status":"closed","ping_status":"open","sticky":false,"template":"","format":"standard","meta":{"_lmt_disableupdate":"","_lmt_disable":"","_jetpack_memberships_contains_paid_content":false,"footnotes":""},"categories":[109,47],"tags":[],"class_list":["post-53509","post","type-post","status-publish","format-standard","has-post-thumbnail","hentry","category-minuto-a-minuto","category-zona-gris"],"jetpack_featured_media_url":"https:\/\/zonaroja.com.mx\/wp-content\/uploads\/2023\/04\/comunicado-mult-agresiones-zona-triqui.jpg","jetpack_sharing_enabled":true,"_links":{"self":[{"href":"https:\/\/zonaroja.com.mx\/index.php?rest_route=\/wp\/v2\/posts\/53509","targetHints":{"allow":["GET"]}}],"collection":[{"href":"https:\/\/zonaroja.com.mx\/index.php?rest_route=\/wp\/v2\/posts"}],"about":[{"href":"https:\/\/zonaroja.com.mx\/index.php?rest_route=\/wp\/v2\/types\/post"}],"author":[{"embeddable":true,"href":"https:\/\/zonaroja.com.mx\/index.php?rest_route=\/wp\/v2\/users\/2"}],"replies":[{"embeddable":true,"href":"https:\/\/zonaroja.com.mx\/index.php?rest_route=%2Fwp%2Fv2%2Fcomments&post=53509"}],"version-history":[{"count":1,"href":"https:\/\/zonaroja.com.mx\/index.php?rest_route=\/wp\/v2\/posts\/53509\/revisions"}],"predecessor-version":[{"id":53510,"href":"https:\/\/zonaroja.com.mx\/index.php?rest_route=\/wp\/v2\/posts\/53509\/revisions\/53510"}],"wp:featuredmedia":[{"embeddable":true,"href":"https:\/\/zonaroja.com.mx\/index.php?rest_route=\/wp\/v2\/media\/53508"}],"wp:attachment":[{"href":"https:\/\/zonaroja.com.mx\/index.php?rest_route=%2Fwp%2Fv2%2Fmedia&parent=53509"}],"wp:term":[{"taxonomy":"category","embeddable":true,"href":"https:\/\/zonaroja.com.mx\/index.php?rest_route=%2Fwp%2Fv2%2Fcategories&post=53509"},{"taxonomy":"post_tag","embeddable":true,"href":"https:\/\/zonaroja.com.mx\/index.php?rest_route=%2Fwp%2Fv2%2Ftags&post=53509"}],"curies":[{"name":"wp","href":"https:\/\/api.w.org\/{rel}","templated":true}]}}