{"id":53511,"date":"2023-04-03T09:13:45","date_gmt":"2023-04-03T14:13:45","guid":{"rendered":"http:\/\/www.zonaroja.com.mx\/?p=53511"},"modified":"2023-04-05T22:35:20","modified_gmt":"2023-04-06T03:35:20","slug":"opinion-medio-ambiente-el-olvido-del-gobierno-de-la-4t","status":"publish","type":"post","link":"https:\/\/zonaroja.com.mx\/?p=53511","title":{"rendered":"Opini\u00f3n. Medio ambiente, el olvido del gobierno de la 4T"},"content":{"rendered":"\r\n<p>Ismael Garc\u00eda M.\/Zona Roja.<\/p>\r\n\r\n\r\n\r\n<p>Oaxaca de Ju\u00e1rez, Oax., a 3 de marzo de 2023.- Amparos desacatados por la contaminaci\u00f3n de los r\u00edos \u201cAtoyac\u201d y \u201cSalado\u201d; crisis por falta de agua; fracaso con el tiradero de basura para los Valles Centrales; deforestaci\u00f3n e incremento de incendios forestales; nulos planes para la protecci\u00f3n a flora y fauna; autoridad estatal, omisa para castigar delitos ambientales.<\/p>\r\n\r\n\r\n\r\n<p>Ese es parte del panorama que existe en Oaxaca en materia de medio ambiente y cuya problem\u00e1tica no tiene hasta ahora una atenci\u00f3n integral, a pesar de m\u00faltiples entes burocr\u00e1ticos, como la Secretar\u00eda del Medio Ambiente, la Procuradur\u00eda de Protecci\u00f3n al Ambiente, el Sistema Operador de los Servicios de Agua Potable y otros m\u00e1s.<\/p>\r\n\r\n\r\n\r\n<p>Y en todo ello, la falta de un plan estatal por parte del gobierno de Salom\u00f3n Jara Cruz para atender estas graves problem\u00e1ticas, que amenazan no solamente a la poblaci\u00f3n oaxaque\u00f1a, sino al planeta mismo.<\/p>\r\n\r\n\r\n\r\n<p>En campa\u00f1a pol\u00edtica, nunca fue prioridad atender estos temas y los aspirantes a un cargo de representaci\u00f3n popular, como Salom\u00f3n Jara Cruz, dirigieron sus discursos a atender la pobreza, la marginaci\u00f3n, la falta de infraestructura f\u00edsica educativa y de salud, pero poco o nada para cuidar el entorno.<\/p>\r\n\r\n\r\n\r\n<p>El resultado \u2014como ocurre a nivel mundial\u2014 es un escenario catastr\u00f3fico que repercute directamente en el calentamiento global, como las elevadas temperaturas que ahora sufrimos en primavera; como la grave contaminaci\u00f3n de r\u00edos y mares; como la cada vez m\u00e1s escasa corteza forestal que permita regenerar aire y revitalizar el ciclo del agua.<\/p>\r\n\r\n\r\n\r\n<p>\u201cCoincidentemente\u201d, los responsables de estas \u00e1reas son priistas que lograron sobrevivir y se incrustaron en la llamada \u201cCuarta transformaci\u00f3n\u201d a la oaxaque\u00f1a.<\/p>\r\n\r\n\r\n\r\n<p>OMISIONES AYER Y HOY<\/p>\r\n\r\n\r\n\r\n<p>Desde el sexenio de Alejandro Murat, el Poder Judicial federal otorg\u00f3 un amparo a un grupo de la sociedad civil, Litigio Estrat\u00e9gico, para que a la brevedad, autoridades de los tres niveles sanearan los r\u00edos \u201cAyotac\u201d y \u201cSalado\u201d, que cruzan los Valles Centrales pero particularmente la ciudad de Oaxaca y su zona metropolitana.<\/p>\r\n\r\n\r\n\r\n<p>Pero el gobierno oaxaque\u00f1o no ha hecho nada; el anterior, el de los priistas, opt\u00f3 por \u201cchicanadas\u201d legaloides para evitar sanciones, pero tambi\u00e9n para incumplir con la orden federal.<\/p>\r\n\r\n\r\n\r\n<p>Igual ocurre con el gobierno de Salom\u00f3n Jara Cruz, que ya cumpli\u00f3 cuatro meses y ni siquiera ha tocado el tema.<\/p>\r\n\r\n\r\n\r\n<p>No es menor el asunto, que compete tambi\u00e9n a diversas instancias federales, como la Comisi\u00f3n Nacional del Agua, y a los ayuntamientos,<\/p>\r\n\r\n\r\n\r\n<p>Fue en el a\u00f1o 2018 en que el juzgador federal otorg\u00f3 el amparo en el juicio 621\/2016, que adem\u00e1s dicta hacer efectivo el derecho a un medio ambiente adecuado para el desarrollo y bienestar de habitantes de la capital y de al menos ocho municipios conurbados.<\/p>\r\n\r\n\r\n\r\n<p>Pero no. Por el contrario, los tres niveles de gobierno siguen permitiendo la impunidad en la contaminaci\u00f3n de uno de esos afluentes, como es el caso del \u201cAtoyac\u201d, en que desde hace m\u00e1s de medio a\u00f1o, la organizaci\u00f3n sindical CATEM ha creado y mantiene un tiradero a cielo abierto, con cientos de toneladas de desechos.<\/p>\r\n\r\n\r\n\r\n<p>Y tiene pistoleros para impedir que cualquier ciudadano o autoridad se acerque a su zona, en que amedrenta y golpea a los que se atreven tan siquiera a tomar fotograf\u00edas o videos. El gobierno ha cedido y concedido esas canong\u00edas, totalmente fuera de la ley.<\/p>\r\n\r\n\r\n\r\n<p>Los incendios forestales son comunes en los primeros cinco meses del a\u00f1o; es c\u00edclico, pero ni as\u00ed hay incremento de n\u00famero de combatientes, dotaci\u00f3n de veh\u00edculos, herramientas y equipos de protecci\u00f3n para el personal.<\/p>\r\n\r\n\r\n\r\n<p>En lugar de ello, se ha optado por recurrir al Ej\u00e9rcito Mexicano, que ya de por s\u00ed tiene m\u00faltiples tareas y responsabilidades en este gobierno federal.<\/p>\r\n\r\n\r\n\r\n<p>No hay planes a corto plazo para resolver el grave problema del agua potable, principalmente para los Valles Centrales, donde se asienta el mayor n\u00famero de municipios poblados.<\/p>\r\n\r\n\r\n\r\n<p>Nadie se acuerda del fallido y fraudulento proyecto de \u201cPaso Ancho\u201d, donde por cierto tuvo que ver mucho el actual secretario de las Infraestructuras, Netzahualc\u00f3yotl Salvatiera, en el sexenio de Gabino Cu\u00e9.<\/p>\r\n\r\n\r\n\r\n<p>Acaso de vez en cuando el gobernador oaxaque\u00f1o ha mencionado que traer\u00eda agua, ahora desde la Sierra de Ju\u00e1rez, sin considerar tambi\u00e9n que es un todo reto, que implicar\u00e1, para empezar, el permiso de las comunidades serranas.<\/p>\r\n\r\n\r\n\r\n<p>A 120 d\u00edas de gobierno, \u00bfqu\u00e9 planes hay para cuidar el medio ambiente, no generar tanta basura y promover el uso de veh\u00edculos no contaminantes?<\/p>\r\n\r\n\r\n\r\n<p>En lugar de ello, se sigue aplazando el reciclaje y separaci\u00f3n de los residuos s\u00f3lidos y suman m\u00e1s de medio a\u00f1o de crisis de la basura, en que ni autoridades municipales ni estatales han logrado destrabar y resolver.<\/p>\r\n\r\n\r\n\r\n<p>\u00bfY LAS INSTITUCIONES?<\/p>\r\n\r\n\r\n\r\n<p>Y, pese al discurso opositor de Salom\u00f3n Jara Cruz, los priistas siguen incrustados en diversas \u00e1reas del gobierno de Oaxaca, coincidentemente en \u00e1reas de protecci\u00f3n al ambiente.<\/p>\r\n\r\n\r\n\r\n<p>Es el caso de Karina Unda Harp, quien desde el sexenio anterior ya laboraba en lo que fue la Semaedeso y hoy encabeza la Secretar\u00eda del Medio Ambiente estatal y es cuota del Partido Verde Ecologista de M\u00e9xico, aliado permanente del PRI, aunque ahora se diga promorenista.<\/p>\r\n\r\n\r\n\r\n<p>El hecho de que use bicicleta no significa que sea una aut\u00e9ntica ambientalista y, aunque supuestamente tiene reconocimientos nacionales en su trayectoria, eso no se ha visto reflejado en su trabajo; ni siquiera la invitan a las giras del gabinete al interior del estado.<\/p>\r\n\r\n\r\n\r\n<p>Lleva, presuntamente, el tema de la localizaci\u00f3n de un predio para instalar un relleno sanitario para los Valles Centrales, pero ha sido rebasada en las negociaciones por parte del secretario de Gobierno, Jes\u00fas Romero L\u00f3pez, que, por supuesto, tampoco ha dado resultados en ello.<\/p>\r\n\r\n\r\n\r\n<p>\u00bfQu\u00e9 ha hecho para remediar la creciente problem\u00e1tica de la basura en todo el estado?<br \/>Otro priista de cepa, que trabaj\u00f3 con Alejandro Murat Hinojosa, es el titular de la Procuradur\u00eda de Protecci\u00f3n al Ambiente, Ernesto Ruiz, que s\u00f3lo difunde v\u00eda redes sociales supuestas acciones, pero ninguna para acabar con la impunidad y, sobre todo, sancionar a quienes da\u00f1an el ambiente.<\/p>\r\n\r\n\r\n\r\n<p>Ese ente, sin ninguna raz\u00f3n de ser, fue precisamente aprobado por el Congreso del Estado desde hace dos a\u00f1os y fue el a\u00f1o pasado en que Murat cumpli\u00f3 con la creaci\u00f3n y dej\u00f3 al actual titular en el cargo.<\/p>\r\n\r\n\r\n\r\n<p>Pero es lo mismo, ni antes ni ahora ha hecho algo por sancionar graves irregularidades, como el caso de la contaminaci\u00f3n con basura del r\u00edo \u201cAtoyac\u201d, por ejemplo. Tampoco es bienvenido en el gabinete de Jara Cruz, pese a lo cual se mantiene en el cargo.<\/p>\r\n\r\n\r\n\r\n<p>La Comisi\u00f3n Estatal Forestal es otro caso, tambi\u00e9n encabezada por quien fue funcionaria en el gobierno priista anterior, Magdalena Coello Castillo, rebasada totalmente por la crisis de incendios forestales.<\/p>\r\n\r\n\r\n\r\n<p>Otro organismo burocratico donde en lo \u00fanico que cambi\u00f3 fue en el nombre, es el Sistema Operador de Agua Potable, a cargo de Omar P\u00e9rez Ben\u00edtez, que lleg\u00f3 al cargo por recomendaci\u00f3n de su familiar la diputada Nancy Ben\u00edtez.<\/p>\r\n\r\n\r\n\r\n<p>Pero por supuesto, tampoco hay planes de operaci\u00f3n y saneamiento de los sistemas de agua potable y de drenaje; mucho menos inversiones.<\/p>\r\n\r\n\r\n\r\n<p>Y claro, en todas las \u00e1reas mencionadas hubo irregularidades financieras, es decir fraudes, pero a nadie se le ha tocado; ni siquiera hay informaci\u00f3n respecto a ello, lo que quiere decir que los priistas siguen gozando de cabal impunidad, en el gobierno de la 4T que prometi\u00f3 justicia y alto a la corrupci\u00f3n.<\/p>\r\n","protected":false},"excerpt":{"rendered":"<p>Ismael Garc\u00eda M.\/Zona Roja. Oaxaca de Ju\u00e1rez, Oax., a 3 de marzo de 2023.- Amparos&hellip;<\/p>\n","protected":false},"author":2,"featured_media":0,"comment_status":"closed","ping_status":"open","sticky":false,"template":"","format":"standard","meta":{"_lmt_disableupdate":"","_lmt_disable":"","_jetpack_memberships_contains_paid_content":false,"footnotes":""},"categories":[456,109,48],"tags":[1353],"class_list":["post-53511","post","type-post","status-publish","format-standard","hentry","category-columna","category-minuto-a-minuto","category-zona-critica","tag-opinion-zona-critica"],"jetpack_featured_media_url":"","jetpack_sharing_enabled":true,"_links":{"self":[{"href":"https:\/\/zonaroja.com.mx\/index.php?rest_route=\/wp\/v2\/posts\/53511","targetHints":{"allow":["GET"]}}],"collection":[{"href":"https:\/\/zonaroja.com.mx\/index.php?rest_route=\/wp\/v2\/posts"}],"about":[{"href":"https:\/\/zonaroja.com.mx\/index.php?rest_route=\/wp\/v2\/types\/post"}],"author":[{"embeddable":true,"href":"https:\/\/zonaroja.com.mx\/index.php?rest_route=\/wp\/v2\/users\/2"}],"replies":[{"embeddable":true,"href":"https:\/\/zonaroja.com.mx\/index.php?rest_route=%2Fwp%2Fv2%2Fcomments&post=53511"}],"version-history":[{"count":3,"href":"https:\/\/zonaroja.com.mx\/index.php?rest_route=\/wp\/v2\/posts\/53511\/revisions"}],"predecessor-version":[{"id":53534,"href":"https:\/\/zonaroja.com.mx\/index.php?rest_route=\/wp\/v2\/posts\/53511\/revisions\/53534"}],"wp:attachment":[{"href":"https:\/\/zonaroja.com.mx\/index.php?rest_route=%2Fwp%2Fv2%2Fmedia&parent=53511"}],"wp:term":[{"taxonomy":"category","embeddable":true,"href":"https:\/\/zonaroja.com.mx\/index.php?rest_route=%2Fwp%2Fv2%2Fcategories&post=53511"},{"taxonomy":"post_tag","embeddable":true,"href":"https:\/\/zonaroja.com.mx\/index.php?rest_route=%2Fwp%2Fv2%2Ftags&post=53511"}],"curies":[{"name":"wp","href":"https:\/\/api.w.org\/{rel}","templated":true}]}}