{"id":53514,"date":"2023-04-03T10:33:57","date_gmt":"2023-04-03T15:33:57","guid":{"rendered":"http:\/\/www.zonaroja.com.mx\/?p=53514"},"modified":"2023-04-03T10:34:05","modified_gmt":"2023-04-03T15:34:05","slug":"resulto-tambien-quemado-dueno-de-globo-aerostatico-se-refugiaba-en-hospital","status":"publish","type":"post","link":"https:\/\/zonaroja.com.mx\/?p=53514","title":{"rendered":"Result\u00f3 tambi\u00e9n quemado due\u00f1o de globo aerost\u00e1tico; se refugiaba en hospital"},"content":{"rendered":"\n<p>Redacci\u00f3n\/Zona Roja Cdmx.<\/p>\n\n\n\n<p>Ciudad de M\u00e9xico, a 3 de abril de 2023.- La Fiscal\u00eda del Estado de M\u00e9xico localiz\u00f3 y detuvo a V\u00edctor \u2018N\u2019, el piloto del globo aerost\u00e1tico que se incendi\u00f3 y se desplom\u00f3 en las inmediaciones de la zona arqueol\u00f3gica de Teotihuac\u00e1n, que dej\u00f3 como saldo dos muertos y dos heridos.<\/p>\n\n\n\n<p>Elementos de la Polic\u00eda de Investigaci\u00f3n (PDI) se presentaron en el Hospital General de Tulancingo, en el estado de Hidalgo, donde el operador se present\u00f3 para recibir atenci\u00f3n m\u00e9dica al presentar quemaduras en su cuerpo.<br>El hombre recibi\u00f3 atenci\u00f3n m\u00e9dica en el sitio, pero qued\u00f3 en calidad de detenido.<\/p>\n\n\n\n<p>Al ser cuestionado por agentes, V\u00edctor \u2018N\u2019 manifest\u00f3 que decidi\u00f3 escapar del sitio donde ocurri\u00f3 el accidente porque no supo qu\u00e9 hacer y no ten\u00eda experiencia para atender una emergencia.<\/p>\n\n\n\n<p>El accidente ocurri\u00f3 en las primeras horas del s\u00e1bado. Las primeras versiones indican que el globo, de una empresa de servicios tur\u00edsticos, al parecer sin permiso oficial, se elev\u00f3, cobr\u00f3 altura y al comenzar el descenso la canastilla donde se alojan los viajantes comenz\u00f3 a incendiarse y posteriormente vino el colapso.<\/p>\n\n\n\n<p>Testigos se\u00f1alaron que, ante la desesperaci\u00f3n, los viajeros comenzaron pedir auxilio, mediante gritos de desesperaci\u00f3n, momento en el que una joven salt\u00f3 de la canastilla al vac\u00edo.<br>La joven fue trasladada en helic\u00f3ptero al \u201cHospital del Ni\u00f1o\u201d en Toluca para recibir atenci\u00f3n m\u00e9dica.<br>El piloto tambi\u00e9n salt\u00f3 del globo y se dio a la fuga con lesiones.<\/p>\n\n\n\n<p>Por ser zona federal, al lugar donde quedaron los cuerpos arribaron agentes del Ej\u00e9rcito mexicano y Polic\u00eda Estatal y personal de Protecci\u00f3n Civil del Estado de M\u00e9xico, adem\u00e1s de agentes de Servicios Periciales quienes levantaron los cuerpos.<br>(Con informaci\u00f3n de L\u00f3pez-D\u00f3riga Digital y EFE)<\/p>\n","protected":false},"excerpt":{"rendered":"<p>Redacci\u00f3n\/Zona Roja Cdmx. Ciudad de M\u00e9xico, a 3 de abril de 2023.- La Fiscal\u00eda del&hellip;<\/p>\n","protected":false},"author":2,"featured_media":53513,"comment_status":"closed","ping_status":"open","sticky":false,"template":"","format":"standard","meta":{"_lmt_disableupdate":"","_lmt_disable":"","_jetpack_memberships_contains_paid_content":false,"footnotes":""},"categories":[109,47],"tags":[],"class_list":["post-53514","post","type-post","status-publish","format-standard","has-post-thumbnail","hentry","category-minuto-a-minuto","category-zona-gris"],"jetpack_featured_media_url":"https:\/\/zonaroja.com.mx\/wp-content\/uploads\/2023\/04\/detenido-globo-aerostatico-edomex.jpg","jetpack_sharing_enabled":true,"_links":{"self":[{"href":"https:\/\/zonaroja.com.mx\/index.php?rest_route=\/wp\/v2\/posts\/53514","targetHints":{"allow":["GET"]}}],"collection":[{"href":"https:\/\/zonaroja.com.mx\/index.php?rest_route=\/wp\/v2\/posts"}],"about":[{"href":"https:\/\/zonaroja.com.mx\/index.php?rest_route=\/wp\/v2\/types\/post"}],"author":[{"embeddable":true,"href":"https:\/\/zonaroja.com.mx\/index.php?rest_route=\/wp\/v2\/users\/2"}],"replies":[{"embeddable":true,"href":"https:\/\/zonaroja.com.mx\/index.php?rest_route=%2Fwp%2Fv2%2Fcomments&post=53514"}],"version-history":[{"count":1,"href":"https:\/\/zonaroja.com.mx\/index.php?rest_route=\/wp\/v2\/posts\/53514\/revisions"}],"predecessor-version":[{"id":53515,"href":"https:\/\/zonaroja.com.mx\/index.php?rest_route=\/wp\/v2\/posts\/53514\/revisions\/53515"}],"wp:featuredmedia":[{"embeddable":true,"href":"https:\/\/zonaroja.com.mx\/index.php?rest_route=\/wp\/v2\/media\/53513"}],"wp:attachment":[{"href":"https:\/\/zonaroja.com.mx\/index.php?rest_route=%2Fwp%2Fv2%2Fmedia&parent=53514"}],"wp:term":[{"taxonomy":"category","embeddable":true,"href":"https:\/\/zonaroja.com.mx\/index.php?rest_route=%2Fwp%2Fv2%2Fcategories&post=53514"},{"taxonomy":"post_tag","embeddable":true,"href":"https:\/\/zonaroja.com.mx\/index.php?rest_route=%2Fwp%2Fv2%2Ftags&post=53514"}],"curies":[{"name":"wp","href":"https:\/\/api.w.org\/{rel}","templated":true}]}}