{"id":53520,"date":"2023-04-03T14:10:59","date_gmt":"2023-04-03T19:10:59","guid":{"rendered":"http:\/\/www.zonaroja.com.mx\/?p=53520"},"modified":"2023-04-03T14:14:31","modified_gmt":"2023-04-03T19:14:31","slug":"chimalapas-dan-ultimatum-a-jara-y-congreso-de-oaxaca-sobre-sentencia-de-scjn","status":"publish","type":"post","link":"https:\/\/zonaroja.com.mx\/?p=53520","title":{"rendered":"Chimalapas dan ultim\u00e1tum a Jara y Congreso de Oaxaca sobre sentencia de SCJN"},"content":{"rendered":"\n<p>Yuridiana Sosa\/Zona Roja.<\/p>\n\n\n\n<p>Oaxaca de Ju\u00e1rez, a 3 de abril de 2023.- Las asambleas generales de Santa Mar\u00eda y San Miguel Chimalapa dieron un ultim\u00e1tum al martes 4 de abril, para que el gobernador Salom\u00f3n Jara y la Comisi\u00f3n Permanente de Estudios Constitucionales del Congreso de Oaxaca asistan a la zona e informen del avance de las reformas sobre el fallo de la SCJN a su favor respecto de la controversia de l\u00edmites territoriales con Chiapas. <\/p>\n\n\n\n<p>La determinaci\u00f3n de ambas comunidades se dio luego que autoridades del gobierno y del Congreso local los dejaron \u201cplantados\u201d en la reuni\u00f3n que sostendr\u00edan para abordar el caso, del cual se agota el plazo otorgado por la SCJN, por lo que de no llegar ma\u00f1ana se aprob\u00f3 iniciar con bloqueos carreteros en la zona de los Chimalapas.<\/p>\n\n\n\n<p>El presidente de bienes comunales de Santa Mar\u00eda Chimalapa, Z\u00f3simo Hern\u00e1ndez L\u00f3pez, se\u00f1al\u00f3 como una burla a las comunidades la desatenci\u00f3n que han recibido en un caso tan importante, sin que ni siquiera manden una justificaci\u00f3n de su ausencia a la reuni\u00f3n.&nbsp;<\/p>\n\n\n\n<p>Santa Mar\u00eda y San Miguel Chimalapa exigen la legislaci\u00f3n del Art\u00edculo 28 Constitucional, p\u00e1rrafo S\u00e9ptimo, conforme a la sentencia que emiti\u00f3 la Suprema Corte de Justicia de la Nacional (SCJN) sobre la controversia Constitucional 121\/2012, de l\u00edmites territoriales entre Oaxaca con su vecino estado de Chiapas.<\/p>\n\n\n\n<p>La sentencia fue publicada el 25 de marzo en el Diario Oficial de la Federaci\u00f3n, mientras que para los efectos de esta delimitaci\u00f3n, las magistrados y magistradas decidieron que la declaratoria de l\u00edmites territoriales deber\u00e1 ser instrumentada dentro de los 30 meses siguientes a la notificaci\u00f3n de estos puntos resolutivos a los Congresos de los Estados de Oaxaca y Chiapas.<\/p>\n\n\n\n<p>Por lo que ambos Congresos deber\u00e1n legislar en los t\u00e9rminos que se indica en el punto primero del considerando noveno de esta resoluci\u00f3n y es en ese sentido que los habitantes de los Chimalapas destacan que el tiempo corre y no ven ning\u00fan avance de las autoridades de Oaxaca para que se cumpla la sentencia, luego de una lucha legal de m\u00e1s de 30 a\u00f1os por el despojo tierras.<\/p>\n\n\n\n<p>Entre otras determinaciones de la SCJN, se indic\u00f3 que Oaxaca y Chiapas, en coordinaci\u00f3n con la Federaci\u00f3n deber\u00e1n establecer, dentro de los 12 meses siguientes a la notificaci\u00f3n de los puntos resolutivos de esta resoluci\u00f3n a los Congresos de esas entidades federativas, los mecanismos de coordinaci\u00f3n y programas.<\/p>\n","protected":false},"excerpt":{"rendered":"<p>Yuridiana Sosa\/Zona Roja. Oaxaca de Ju\u00e1rez, a 3 de abril de 2023.- Las asambleas generales&hellip;<\/p>\n","protected":false},"author":2,"featured_media":53519,"comment_status":"closed","ping_status":"open","sticky":false,"template":"","format":"standard","meta":{"_lmt_disableupdate":"","_lmt_disable":"","_jetpack_memberships_contains_paid_content":false,"footnotes":""},"categories":[109,47],"tags":[],"class_list":["post-53520","post","type-post","status-publish","format-standard","has-post-thumbnail","hentry","category-minuto-a-minuto","category-zona-gris"],"jetpack_featured_media_url":"https:\/\/zonaroja.com.mx\/wp-content\/uploads\/2023\/04\/811f7e4f-1ff7-4718-b724-b024c41c8245.jpg","jetpack_sharing_enabled":true,"_links":{"self":[{"href":"https:\/\/zonaroja.com.mx\/index.php?rest_route=\/wp\/v2\/posts\/53520","targetHints":{"allow":["GET"]}}],"collection":[{"href":"https:\/\/zonaroja.com.mx\/index.php?rest_route=\/wp\/v2\/posts"}],"about":[{"href":"https:\/\/zonaroja.com.mx\/index.php?rest_route=\/wp\/v2\/types\/post"}],"author":[{"embeddable":true,"href":"https:\/\/zonaroja.com.mx\/index.php?rest_route=\/wp\/v2\/users\/2"}],"replies":[{"embeddable":true,"href":"https:\/\/zonaroja.com.mx\/index.php?rest_route=%2Fwp%2Fv2%2Fcomments&post=53520"}],"version-history":[{"count":1,"href":"https:\/\/zonaroja.com.mx\/index.php?rest_route=\/wp\/v2\/posts\/53520\/revisions"}],"predecessor-version":[{"id":53521,"href":"https:\/\/zonaroja.com.mx\/index.php?rest_route=\/wp\/v2\/posts\/53520\/revisions\/53521"}],"wp:featuredmedia":[{"embeddable":true,"href":"https:\/\/zonaroja.com.mx\/index.php?rest_route=\/wp\/v2\/media\/53519"}],"wp:attachment":[{"href":"https:\/\/zonaroja.com.mx\/index.php?rest_route=%2Fwp%2Fv2%2Fmedia&parent=53520"}],"wp:term":[{"taxonomy":"category","embeddable":true,"href":"https:\/\/zonaroja.com.mx\/index.php?rest_route=%2Fwp%2Fv2%2Fcategories&post=53520"},{"taxonomy":"post_tag","embeddable":true,"href":"https:\/\/zonaroja.com.mx\/index.php?rest_route=%2Fwp%2Fv2%2Ftags&post=53520"}],"curies":[{"name":"wp","href":"https:\/\/api.w.org\/{rel}","templated":true}]}}