{"id":53530,"date":"2023-04-03T21:44:30","date_gmt":"2023-04-04T02:44:30","guid":{"rendered":"http:\/\/www.zonaroja.com.mx\/?p=53530"},"modified":"2023-04-03T21:44:31","modified_gmt":"2023-04-04T02:44:31","slug":"oaxaca-ingobernable-con-marchas-bloqueos-y-hasta-aguas-negras-recibe-a-turistas-en-semana-santa","status":"publish","type":"post","link":"https:\/\/zonaroja.com.mx\/?p=53530","title":{"rendered":"Oaxaca ingobernable: con marchas, bloqueos y hasta aguas negras, recibe a turistas en Semana Santa"},"content":{"rendered":"\n<p>Yuridiana Sosa\/Zona Roja.<\/p>\n\n\n\n<p>Oaxaca de Ju\u00e1rez, Oax., a 3 de abril de 2023.-El periodo vacacional en Oaxaca inici\u00f3 este lunes con protestas, bloqueos y marchas, tanto en la capital como en la regi\u00f3n del Istmo.<\/p>\n\n\n\n<p>El reclamo com\u00fan: la desatenci\u00f3n gubernamental, pero en especial, se denuncian la falta de pol\u00edtica interna y de di\u00e1logo desde la Secretar\u00eda de Gobierno, que dirige Jes\u00fas Romero L\u00f3pez.<\/p>\n\n\n\n<p>El Frente de Pueblos Olvidados de Oaxaca, la Unidad Democr\u00e1tica de Organizaciones Sociales y la Uni\u00f3n Democr\u00e1tica de Pueblos y Comunidades Ind\u00edgenas (Undeci) marcharon de manera conjunta para exigir ser escuchados en una mesa de di\u00e1logo, la cual ha sido negada desde hace varias semanas.<\/p>\n\n\n\n<p>CONTRA ROMERO OTRA VEZ<\/p>\n\n\n\n<p>A su llegada a Palacio de Gobierno, luego de una marcha que parti\u00f3 desde el mercado zonal de la agencia de Santa Rosa Panzacola, personal de la Secretar\u00eda de Gobierno, de parte de Romero L\u00f3pez, indic\u00f3 a los l\u00edderes, sin mayor justificaci\u00f3n, que no podr\u00edan ser recibidos&nbsp;este lunes, sino hasta en dos d\u00edas, cuando posiblemente las autoridades tambi\u00e9n se tomen d\u00edas de asueto por la \u201cSemana Santa\u201d.&nbsp;<\/p>\n\n\n\n<p>El desaire de Jes\u00fas Romero caus\u00f3 el enojo de los manifestantes, quienes \u201ctomaron \u201cel Palacio de Gobierno y advirtieron de un plant\u00f3n hasta que se cumpla su demanda.<\/p>\n\n\n\n<figure class=\"wp-block-embed\"><div class=\"wp-block-embed__wrapper\">\n<div class=\"twitter-tweet\"><blockquote class=\"twitter-tweet\" data-lang=\"es\"><p lang=\"es\" dir=\"ltr\"><a href=\"https:\/\/twitter.com\/hashtag\/%C3%9AltimoMinuto?src=hash&amp;ref_src=twsrc%5Etfw\">#\u00daltimoMinuto<\/a><br>Se radicalizan organizaciones sociales FIPPO, Undeci y UODOS y bloquean todos los accesos al Palacio de Gobierno.<br>As\u00ed le gritan a <a href=\"https:\/\/twitter.com\/jesusromerooax?ref_src=twsrc%5Etfw\">@jesusromerooax<\/a>, al negarse a atenderlos sino hasta dentro de dos d\u00edas\u2026 cuando ya se ir\u00e1n de vacaciones. <a href=\"https:\/\/t.co\/ex8E0XUuDU\">pic.twitter.com\/ex8E0XUuDU<\/a><\/p>&mdash; Zona Roja Oaxaca (@ZonaRoja_Oaxaca) <a href=\"https:\/\/twitter.com\/ZonaRoja_Oaxaca\/status\/1642945559999942657?ref_src=twsrc%5Etfw\">3 de abril de 2023<\/a><\/blockquote><\/div>\n<\/div><\/figure>\n\n\n\n<p>\u201c\u00a1Chucho Romero, culero, culero, culero!\u201d, \u201c\u00a1Morena dec\u00eda que todo cambiar\u00eda, mentira, mentira, la misma porquer\u00eda!\u201d, \u201c\u00a1El pueblo unido, jam\u00e1s ser\u00e1 vencido!\u201d, gritaron los quejosos, quienes se apoderaron de los tres accesos del recinto ejecutivo.<\/p>\n\n\n\n<p>Las organizaciones apuntaron que, en la audiencia, hasta ahora negada, plantear\u00e1n sus diversas demandas.<\/p>\n\n\n\n<p>Por su parte, el Frente Popular Revolucionario (FPR) dio fin a su tolerancia para que el gobierno de Salom\u00f3n Jara diera cumplimiento a su petici\u00f3n de atenci\u00f3n, por lo que anunci\u00f3 una jornada de lucha a partir del&nbsp;10 de abril.<\/p>\n\n\n\n<p>El l\u00edder del FPR, Macario Otalo Padilla, se\u00f1al\u00f3 una simulaci\u00f3n del gobierno de la cuarta transformaci\u00f3n en Oaxaca, el cual utiliza las mismas pr\u00e1cticas de divisionismo, compra de l\u00edderes, desgaste de organizaciones y amenazas.<\/p>\n\n\n\n<p>En su caso, dijo, desde octubre iniciaron con mesas de di\u00e1logo, pero no hay avances a ninguna de sus peticiones y la \u00fanica respuesta es ofrecer otro encuentro s\u00f3lo para alargar la acci\u00f3n de las organizaciones.<\/p>\n\n\n\n<p>Por eso, en conferencia de prensa en el z\u00f3calo de la capital, llam\u00f3 a otros grupos y sindicatos que viven la misma situaci\u00f3n para reclamar a Jara Cruz la desatenci\u00f3n. <\/p>\n\n\n\n<figure class=\"wp-block-embed\"><div class=\"wp-block-embed__wrapper\">\n<div class=\"twitter-tweet\"><blockquote class=\"twitter-tweet\" data-lang=\"es\"><p lang=\"es\" dir=\"ltr\"><a href=\"https:\/\/twitter.com\/hashtag\/%C3%9AltimoMinuto?src=hash&amp;ref_src=twsrc%5Etfw\">#\u00daltimoMinuto<\/a> <br>Se le acab\u00f3 la paciencia al <a href=\"https:\/\/twitter.com\/FPR_OAXACA?ref_src=twsrc%5Etfw\">@FPR_OAXACA<\/a>.<br>Luego del voto de confianza que dieron al mandatario <a href=\"https:\/\/twitter.com\/salomonj?ref_src=twsrc%5Etfw\">@salomonj<\/a>, anuncia marcha masiva para el 10 de abril, ante la desatenci\u00f3n del <a href=\"https:\/\/twitter.com\/GobOax?ref_src=twsrc%5Etfw\">@goboax<\/a>; acusan simulaci\u00f3n y mismas t\u00e1cticas priistas de coptaci\u00f3n y de amenazas. <a href=\"https:\/\/t.co\/krqR5eLr85\">pic.twitter.com\/krqR5eLr85<\/a><\/p>&mdash; Zona Roja Oaxaca (@ZonaRoja_Oaxaca) <a href=\"https:\/\/twitter.com\/ZonaRoja_Oaxaca\/status\/1642936467956842496?ref_src=twsrc%5Etfw\">3 de abril de 2023<\/a><\/blockquote><\/div>\n<\/div><\/figure>\n\n\n\n<p>AGUAS NEGRAS<\/p>\n\n\n\n<p>Tambi\u00e9n en Palacio de Gobierno, frente al acceso principal, integrantes del Colectivo de Organizaciones Ambientalistas de Oaxaca (COAO) regaron aguas negras en el acceso al recinto en protesta a la falta de saneamiento a los r\u00edos \u201cAtoyac\u201d y \u201cSalado\u201d, que cruzan la capital.<\/p>\n\n\n\n<p>Los ambientalistas apuntaron que mientras el gobierno sigue sin realizar acciones para beneficio de estos r\u00edos, la poblaci\u00f3n sigue sufriendo los estragos del alto grado de contaminaci\u00f3n.<\/p>\n\n\n\n<p>Recordaron a Salom\u00f3n Jara su promesa de campa\u00f1a con relaci\u00f3n al saneamiento de ambos r\u00edos, sin embargo, hasta ahora no se conoce de ninguna acci\u00f3n a favor de los r\u00edos o medio ambiente.<\/p>\n\n\n\n<p>Por otra parte, trabajadores de los Servicios de Salud de Oaxaca (SSO), del \u00e1rea de vectores, que desde hace una semana se manifiestan, instalaron un bloqueo frente a oficinas de la dependencia, el cual afect\u00f3 las calles de Independencia, Tinoco y Palacios y J.P. Garc\u00eda.<\/p>\n\n\n\n<figure class=\"wp-block-embed\"><div class=\"wp-block-embed__wrapper\">\n<div class=\"twitter-tweet\"><blockquote class=\"twitter-tweet\" data-lang=\"es\"><p lang=\"es\" dir=\"ltr\"><a href=\"https:\/\/twitter.com\/hashtag\/%C3%9AltimoMinuto?src=hash&amp;ref_src=twsrc%5Etfw\">#\u00daltimoMinuto<\/a><br>En plena temporada vacacional, ambientalistas de <a href=\"https:\/\/twitter.com\/COAOAmbiental?ref_src=twsrc%5Etfw\">@COAOAmbiental<\/a> tiran aguas negras en el acceso al Palacio de Gobierno, para denunciar nula atenci\u00f3n de las autoridades al saneamiento de los r\u00edos \u201cAtoyac\u201d y \u201cSalado\u201d, que cruzan la capital. <a href=\"https:\/\/t.co\/Y686ALnHtp\">pic.twitter.com\/Y686ALnHtp<\/a><\/p>&mdash; Zona Roja Oaxaca (@ZonaRoja_Oaxaca) <a href=\"https:\/\/twitter.com\/ZonaRoja_Oaxaca\/status\/1642932179671072768?ref_src=twsrc%5Etfw\">3 de abril de 2023<\/a><\/blockquote><\/div>\n<\/div><\/figure>\n\n\n\n<p>ISTMO<\/p>\n\n\n\n<p>Habitantes de la regi\u00f3n del Istmo mantienen un bloqueo carretero en el tramo que comunica a Juchit\u00e1n y Tehuantepec, en el punto conocido como \u201cPuente Madera\u201d.<\/p>\n\n\n\n<p>En tanto que pobladores de Estaci\u00f3n Mogo\u00f1\u00e9, San Juan Guichicovi, Oaxaca, contin\u00faan su manifestaci\u00f3n en las v\u00edas f\u00e9rreas del Corredor Interoce\u00e1nico desde hace 36 d\u00edas.<\/p>\n\n\n\n<p>El pasado 1 de abril, en asamblea regional, representantes de 27 comunidades de seis municipios de la zona acordaron mantener la solidaridad con las poblaciones inconformes, por lo que programaron movilizaciones para&nbsp;el 10 de abril.<\/p>\n\n\n\n<p>Las comunidades tambi\u00e9n ratificaron participar en la caravana del sur convocada por el Congreso Nacional Ind\u00edgena. <\/p>\n","protected":false},"excerpt":{"rendered":"<p>Yuridiana Sosa\/Zona Roja. Oaxaca de Ju\u00e1rez, Oax., a 3 de abril de 2023.-El periodo vacacional&hellip;<\/p>\n","protected":false},"author":2,"featured_media":53529,"comment_status":"closed","ping_status":"open","sticky":false,"template":"","format":"standard","meta":{"_lmt_disableupdate":"","_lmt_disable":"","_jetpack_memberships_contains_paid_content":false,"footnotes":""},"categories":[109,47],"tags":[],"class_list":["post-53530","post","type-post","status-publish","format-standard","has-post-thumbnail","hentry","category-minuto-a-minuto","category-zona-gris"],"jetpack_featured_media_url":"https:\/\/zonaroja.com.mx\/wp-content\/uploads\/2023\/04\/09fe0c85-c8ff-471e-ac62-4aee32e7bb18.jpg","jetpack_sharing_enabled":true,"_links":{"self":[{"href":"https:\/\/zonaroja.com.mx\/index.php?rest_route=\/wp\/v2\/posts\/53530","targetHints":{"allow":["GET"]}}],"collection":[{"href":"https:\/\/zonaroja.com.mx\/index.php?rest_route=\/wp\/v2\/posts"}],"about":[{"href":"https:\/\/zonaroja.com.mx\/index.php?rest_route=\/wp\/v2\/types\/post"}],"author":[{"embeddable":true,"href":"https:\/\/zonaroja.com.mx\/index.php?rest_route=\/wp\/v2\/users\/2"}],"replies":[{"embeddable":true,"href":"https:\/\/zonaroja.com.mx\/index.php?rest_route=%2Fwp%2Fv2%2Fcomments&post=53530"}],"version-history":[{"count":1,"href":"https:\/\/zonaroja.com.mx\/index.php?rest_route=\/wp\/v2\/posts\/53530\/revisions"}],"predecessor-version":[{"id":53531,"href":"https:\/\/zonaroja.com.mx\/index.php?rest_route=\/wp\/v2\/posts\/53530\/revisions\/53531"}],"wp:featuredmedia":[{"embeddable":true,"href":"https:\/\/zonaroja.com.mx\/index.php?rest_route=\/wp\/v2\/media\/53529"}],"wp:attachment":[{"href":"https:\/\/zonaroja.com.mx\/index.php?rest_route=%2Fwp%2Fv2%2Fmedia&parent=53530"}],"wp:term":[{"taxonomy":"category","embeddable":true,"href":"https:\/\/zonaroja.com.mx\/index.php?rest_route=%2Fwp%2Fv2%2Fcategories&post=53530"},{"taxonomy":"post_tag","embeddable":true,"href":"https:\/\/zonaroja.com.mx\/index.php?rest_route=%2Fwp%2Fv2%2Ftags&post=53530"}],"curies":[{"name":"wp","href":"https:\/\/api.w.org\/{rel}","templated":true}]}}