{"id":53536,"date":"2023-04-04T07:25:09","date_gmt":"2023-04-04T12:25:09","guid":{"rendered":"http:\/\/www.zonaroja.com.mx\/?p=53536"},"modified":"2023-04-04T07:09:33","modified_gmt":"2023-04-04T12:09:33","slug":"53536","status":"publish","type":"post","link":"https:\/\/zonaroja.com.mx\/?p=53536","title":{"rendered":"Triquis intensifican protestas en inicio de semana, en Palacio de Gobierno y Municipal"},"content":{"rendered":"<p>Yuridiana Sosa\/Zona Roja.<\/p>\n<p>Oaxaca de Ju\u00e1rez, Oax., a 4 de abril de 2023.- Mujeres ind\u00edgenas triquis tambi\u00e9n se movilizaron este lunes para exigir a los gobiernos de la llamada \u201cCuarta transformaci\u00f3n\u201d, que encabeza en el estado Salom\u00f3n Jara y en el municipio de Oaxaca de Ju\u00e1rez, Francisco Mart\u00ednez Neri, a que cumplan con las promesas realizadas para sus grupos.<\/p>\n<p>El grupo de desplazados que dirige Sergia Zepeda volvi\u00f3 a exigir al gobierno de Oaxaca un cese a la violencia en la zona triqui, donde este fin de semana de nuevo se registraraon ataques en la comunidad de Tierra Blanca Copala, sin que se registraran v\u00edctimas.<\/p>\n<p>Las ind\u00edgenas reprobaron que Salom\u00f3n Jara mantenga suspendida la mesa de paz para el retorno seguro de los desplazados a la naci\u00f3n Triqui, mientras que de forma frecuente se registran hechos violentos por grupos paramilitares.<\/p>\n<p>Sergia Zepeda llam\u00f3 al gobierno estatal a mantener trato igualitario con las organizaciones involucradas en la mesa de paz, tales como Unidad de Bienestar Social para la Regi\u00f3n Triqui (Ubisort), Movimiento de Unificaci\u00f3n y Lucha Triqui (MULT) y Movimiento de Unificaci\u00f3n y Lucha Triqui Independiente (MULTI), o de lo contrario seguir\u00e1n los ataques entre estas.<\/p>\n<div class=\"twitter-tweet\">\n<blockquote class=\"twitter-tweet\" data-lang=\"es\">\n<p lang=\"es\" dir=\"ltr\">Intensas, las protestas este lunes, en plena temporada vacacional de Semana Santa. <br \/>Tambi\u00e9n frente al Palacio de Gobierno, llegan triquis del grupo de Sergia Zepeda, que reprochan ola de violencia en la zona y el <a href=\"https:\/\/twitter.com\/GobOax?ref_src=twsrc%5Etfw\">@GobOax<\/a> mantiene suspendida la mesa de paz. <a href=\"https:\/\/t.co\/q41bbKG7QM\">pic.twitter.com\/q41bbKG7QM<\/a><\/p>\n<p>&mdash; Zona Roja Oaxaca (@ZonaRoja_Oaxaca) <a href=\"https:\/\/twitter.com\/ZonaRoja_Oaxaca\/status\/1642975383678234633?ref_src=twsrc%5Etfw\">3 de abril de 2023<\/a><\/p><\/blockquote>\n<\/div>\n<p>Lo anterior luego que el MULT y el MULTI se acusaron mutuamente del ataque a Tierra Blanca Copala, Juxtlahuaca.<\/p>\n<p>CONTRA NERI<\/p>\n<p>Una vez m\u00e1s, el grupo de triquis que encabeza Lorena Merino se manifest\u00f3 en el Palacio Municipal de Oaxaca de Ju\u00e1rez para exigir locales o espacios para la venta de sus mercanc\u00edas.<\/p>\n<p>Como parte de su protesta, las mujeres bloquearon de manera simb\u00f3lica el acceso principal de edificio para hacer presi\u00f3n y que el edil Francisco Mart\u00ednez Neri cumpla con el compromiso de otorgarles locales, ello tras el desalojo en el Palacio de Gobierno el 2 de diciembre, donde adem\u00e1s los inspectores les retiraron su mercanc\u00eda y no se la han devuelto.<\/p>\n<p>Las mujeres tienen una semana en protestas constantes, pero el gobierno de Mart\u00ednez Neri las ignora.<\/p>\n<div class=\"twitter-tweet\">\n<blockquote class=\"twitter-tweet\" data-lang=\"es\">\n<p lang=\"es\" dir=\"ltr\">\u00a1Otra protesta! Esta tarde, el grupo de ind\u00edgenas triquis que encabeza Lorena Merino bloquea el acceso al palacio municipal de la ciudad de <a href=\"https:\/\/twitter.com\/hashtag\/Oaxaca?src=hash&amp;ref_src=twsrc%5Etfw\">#Oaxaca<\/a>, para exigir locales para venta de mercanc\u00edas; desde hace una semana realizan protestas y el edil <a href=\"https:\/\/twitter.com\/FMartinezNeri?ref_src=twsrc%5Etfw\">@FMartinezNeri<\/a> no las escucha. <a href=\"https:\/\/t.co\/C87bEySqZy\">pic.twitter.com\/C87bEySqZy<\/a><\/p>\n<p>&mdash; Zona Roja Oaxaca (@ZonaRoja_Oaxaca) <a href=\"https:\/\/twitter.com\/ZonaRoja_Oaxaca\/status\/1643035543612149761?ref_src=twsrc%5Etfw\">3 de abril de 2023<\/a><\/p><\/blockquote>\n<\/div>\n","protected":false},"excerpt":{"rendered":"<p>Yuridiana Sosa\/Zona Roja. Oaxaca de Ju\u00e1rez, Oax., a 4 de abril de 2023.- Mujeres ind\u00edgenas&hellip;<\/p>\n","protected":false},"author":2,"featured_media":53540,"comment_status":"closed","ping_status":"open","sticky":false,"template":"","format":"standard","meta":{"_lmt_disableupdate":"","_lmt_disable":"","_jetpack_memberships_contains_paid_content":false,"footnotes":""},"categories":[109,47],"tags":[354],"class_list":["post-53536","post","type-post","status-publish","format-standard","has-post-thumbnail","hentry","category-minuto-a-minuto","category-zona-gris","tag-desplazados-de-san-juan-copala"],"jetpack_featured_media_url":"https:\/\/zonaroja.com.mx\/wp-content\/uploads\/2023\/04\/Triquis-Sergia-Zepeda-protesta-palacio.jpg","jetpack_sharing_enabled":true,"_links":{"self":[{"href":"https:\/\/zonaroja.com.mx\/index.php?rest_route=\/wp\/v2\/posts\/53536","targetHints":{"allow":["GET"]}}],"collection":[{"href":"https:\/\/zonaroja.com.mx\/index.php?rest_route=\/wp\/v2\/posts"}],"about":[{"href":"https:\/\/zonaroja.com.mx\/index.php?rest_route=\/wp\/v2\/types\/post"}],"author":[{"embeddable":true,"href":"https:\/\/zonaroja.com.mx\/index.php?rest_route=\/wp\/v2\/users\/2"}],"replies":[{"embeddable":true,"href":"https:\/\/zonaroja.com.mx\/index.php?rest_route=%2Fwp%2Fv2%2Fcomments&post=53536"}],"version-history":[{"count":4,"href":"https:\/\/zonaroja.com.mx\/index.php?rest_route=\/wp\/v2\/posts\/53536\/revisions"}],"predecessor-version":[{"id":53544,"href":"https:\/\/zonaroja.com.mx\/index.php?rest_route=\/wp\/v2\/posts\/53536\/revisions\/53544"}],"wp:featuredmedia":[{"embeddable":true,"href":"https:\/\/zonaroja.com.mx\/index.php?rest_route=\/wp\/v2\/media\/53540"}],"wp:attachment":[{"href":"https:\/\/zonaroja.com.mx\/index.php?rest_route=%2Fwp%2Fv2%2Fmedia&parent=53536"}],"wp:term":[{"taxonomy":"category","embeddable":true,"href":"https:\/\/zonaroja.com.mx\/index.php?rest_route=%2Fwp%2Fv2%2Fcategories&post=53536"},{"taxonomy":"post_tag","embeddable":true,"href":"https:\/\/zonaroja.com.mx\/index.php?rest_route=%2Fwp%2Fv2%2Ftags&post=53536"}],"curies":[{"name":"wp","href":"https:\/\/api.w.org\/{rel}","templated":true}]}}