{"id":5354,"date":"2019-11-02T12:28:14","date_gmt":"2019-11-02T18:28:14","guid":{"rendered":"http:\/\/www.zonaroja.com.mx\/?p=5354"},"modified":"2019-11-02T12:28:17","modified_gmt":"2019-11-02T18:28:17","slug":"viernes-de-terror-dos-asesinados-gasolinera-asaltada-y-patrulla-incendiada","status":"publish","type":"post","link":"https:\/\/zonaroja.com.mx\/?p=5354","title":{"rendered":"Viernes de terror: dos asesinados, gasolinera asaltada y patrulla incendiada"},"content":{"rendered":"\n<p>Redacci\u00f3n\/Zona\nRoja.<\/p>\n\n\n\n<p>Oaxaca de\nJu\u00e1rez, Oax., 2 de noviembre de 2019.- Acorde con las actividades del D\u00eda de\nMuertos, Oaxaca vivi\u00f3 un viernes de terror, con dos personas fallecidas, una patrulla\nincendiada y el asalto a una gasoliner\u00eda, adem\u00e1s del robo violento de un taxi.<\/p>\n\n\n\n<p>Este viernes\nfalleci\u00f3 en el hospital de Juchit\u00e1n de Zaragoza un individuo que fue baleado el\npasado mi\u00e9rcoles 30 de octubre, en un camino que conduce a la colonia Juquilita\nde ese municipio istme\u00f1o.<\/p>\n\n\n\n<p>El individuo\nidentificado como Sergio S. L., de 24 a\u00f1os de edad, viajaba en su motocicleta\ncuando fue atacado por sujetos armados, que hasta el momento no han sido\nlocalizados.<\/p>\n\n\n\n<p>Asimismo, se\ninform\u00f3 ayer que perdi\u00f3 la vida la mujer de nombre Derly Karina C. T., quien\nfue baleada hace 15 d\u00edas en un bar ubicado a un costado de la carretera\nPanamericana, cerca del crucero a la localidad de Lagunas.<\/p>\n\n\n\n<p>Fue\ntrasladada a un nosocomio rural del IMSS en Mat\u00edas Romero pero ante la gravedad\nde las heridas, fue llevada al estado de Puebla, donde finalmente perdi\u00f3 la\nvida. Tampoco hay personas detenidas por este caso.<\/p>\n\n\n\n<p>INCREMENTAN\nDELITOS<\/p>\n\n\n\n<p>Mientras\ntanto, la madrugada de ayer fue robado con violencia un taxi del sitio \u201cAlameda\u201d\nde la ciudad de Oaxaca, con n\u00famero econ\u00f3mico 00-720, cuyo conductor fue\ngolpeado y abandonado.<\/p>\n\n\n\n<p>Horas\ndespu\u00e9s la unidad desvalijada fue localizada en el fraccionamiento La\nFundici\u00f3n, de la agencia de San Mart\u00edn Mexic\u00e1pam.<\/p>\n\n\n\n<p>Por la\nnoche, al menos dos sujetos armados asaltaron a un trabajador de la gasoliner\u00eda\nubicada a un costado de las riberas del r\u00edo \u201cSalado\u201d, en jurisdicci\u00f3n de la\ncolonia La Cieneguita, de la agencia de Cinco Se\u00f1ores, Oaxaca de Ju\u00e1rez.<\/p>\n\n\n\n<p>Para\namedrentar al empleado, los sujetos hicieron un disparo al aire, le arrebataron\ncuatro mil pesos y se dieron a la fuga con rumbo desconocido.<\/p>\n\n\n\n<p>En tanto,\nintegrantes de la Asamblea del Pueblo de San Francisco del Mar difundieron a\ntrav\u00e9s de redes sociales que tuvieron que quemar una patrulla municipal al\nenterarse que el presidente municipal acudir\u00eda a repartir despensas a la\ncomunidad en conflicto Pueblo Viejo; el caso tambi\u00e9n permanece impune.<\/p>\n\n\n\n<p>EXTORSIONES<\/p>\n\n\n\n<p>Por otra\nparte, a trav\u00e9s de redes sociales, empresarios y comerciantes de Santiago\nPinotepa Nacional denunciaron una ola de extorsiones y \u201ccobro de piso\u201d por\nparte de un grupo armado que se dice ser de una banda del crimen organizado a\nnivel nacional.<\/p>\n\n\n\n<p>Difundieron\nvideos en que se aprecian a los sujetos que ingresan a los establecimientos,\nas\u00ed como el veh\u00edculo que portan; ante la nula actuaci\u00f3n de la Agencia Estatal\nde Investigaciones de la Fiscal\u00eda General del Estado, decidieron indagar por su\npropia cuenta.<\/p>\n\n\n\n<p>Fue as\u00ed como\ndieron con la unidad de motor marca Dodge, tipo Caliber, con placas de\ncirculaci\u00f3n 528.UFS, pero que se encontraba estacionada afuera de la unidad\nmilitar del 47 Batall\u00f3n de Infanter\u00eda de la Secretar\u00eda de la Defensa Nacional.<\/p>\n\n\n\n<p>Por ello,\ndemandaron al Presidente de la Rep\u00fablica y al Gobernador del Estado act\u00faen y se\nindague si los maleantes pertenecen al Ej\u00e9rcito Mexicano o a la Guardia\nNacional, con la finalidad de aplicar justicia.<\/p>\n","protected":false},"excerpt":{"rendered":"<p>Redacci\u00f3n\/Zona Roja. Oaxaca de Ju\u00e1rez, Oax., 2 de noviembre de 2019.- Acorde con las actividades&hellip;<\/p>\n","protected":false},"author":2,"featured_media":2940,"comment_status":"closed","ping_status":"open","sticky":false,"template":"","format":"standard","meta":{"_lmt_disableupdate":"","_lmt_disable":"","_jetpack_memberships_contains_paid_content":false,"footnotes":""},"categories":[109,51],"tags":[],"class_list":["post-5354","post","type-post","status-publish","format-standard","has-post-thumbnail","hentry","category-minuto-a-minuto","category-zona-roja"],"jetpack_featured_media_url":"https:\/\/zonaroja.com.mx\/wp-content\/uploads\/2019\/08\/Asesinatos.jpg","jetpack_sharing_enabled":true,"_links":{"self":[{"href":"https:\/\/zonaroja.com.mx\/index.php?rest_route=\/wp\/v2\/posts\/5354","targetHints":{"allow":["GET"]}}],"collection":[{"href":"https:\/\/zonaroja.com.mx\/index.php?rest_route=\/wp\/v2\/posts"}],"about":[{"href":"https:\/\/zonaroja.com.mx\/index.php?rest_route=\/wp\/v2\/types\/post"}],"author":[{"embeddable":true,"href":"https:\/\/zonaroja.com.mx\/index.php?rest_route=\/wp\/v2\/users\/2"}],"replies":[{"embeddable":true,"href":"https:\/\/zonaroja.com.mx\/index.php?rest_route=%2Fwp%2Fv2%2Fcomments&post=5354"}],"version-history":[{"count":1,"href":"https:\/\/zonaroja.com.mx\/index.php?rest_route=\/wp\/v2\/posts\/5354\/revisions"}],"predecessor-version":[{"id":5355,"href":"https:\/\/zonaroja.com.mx\/index.php?rest_route=\/wp\/v2\/posts\/5354\/revisions\/5355"}],"wp:featuredmedia":[{"embeddable":true,"href":"https:\/\/zonaroja.com.mx\/index.php?rest_route=\/wp\/v2\/media\/2940"}],"wp:attachment":[{"href":"https:\/\/zonaroja.com.mx\/index.php?rest_route=%2Fwp%2Fv2%2Fmedia&parent=5354"}],"wp:term":[{"taxonomy":"category","embeddable":true,"href":"https:\/\/zonaroja.com.mx\/index.php?rest_route=%2Fwp%2Fv2%2Fcategories&post=5354"},{"taxonomy":"post_tag","embeddable":true,"href":"https:\/\/zonaroja.com.mx\/index.php?rest_route=%2Fwp%2Fv2%2Ftags&post=5354"}],"curies":[{"name":"wp","href":"https:\/\/api.w.org\/{rel}","templated":true}]}}