{"id":53556,"date":"2023-04-04T10:15:22","date_gmt":"2023-04-04T15:15:22","guid":{"rendered":"http:\/\/www.zonaroja.com.mx\/?p=53556"},"modified":"2023-04-04T10:21:50","modified_gmt":"2023-04-04T15:21:50","slug":"53556","status":"publish","type":"post","link":"https:\/\/zonaroja.com.mx\/?p=53556","title":{"rendered":"Comando habr\u00eda secuestrado a periodista en Veracruz"},"content":{"rendered":"<p>Redacci\u00f3n\/Zona Roja Cdmx.<\/p>\n<p>Ciudad de M\u00e9xico, a 4 de abril de 2023.- El periodista Richard Villa habr\u00eda sido \u201clevantado\u201d por un comando armado en Poza Rica, Veracruz.<span class=\"Apple-converted-space\">&nbsp;<\/span><\/p>\n<p>La Secretar\u00eda de Seguridad P\u00fablica (SSP) de la entidad inform\u00f3 de la activaci\u00f3n de C\u00f3digo Rojo con el objetivo de encontrar a la persona.<\/p>\n<p>\u201cTras la presunta privaci\u00f3n de la libertad de una persona en la colonia L\u00e1zaro C\u00e1rdenas de Poza Rica, la Secretar\u00eda de Seguridad P\u00fablica activ\u00f3 C\u00f3digo Rojo con el objetivo de localizar a la v\u00edctima y detener a sus captores.\u201d, comparti\u00f3 la dependencia poco despu\u00e9s de las 7:00 de la noche del lunes 3 de abril.<\/p>\n<p>Las autoridades indicaron que fuerzas federales, estatales y municipales iniciaron un operativo en la zona. Informaci\u00f3n preliminar se\u00f1ala que hombres armados aseguraron ser agentes ministeriales y se lo llevaron de un taller mec\u00e1nico.<\/p>\n<p>Por su parte, la Comisi\u00f3n Estatal para la Atenci\u00f3n y Protecci\u00f3n de los Periodistas (CEAPP), inform\u00f3 que est\u00e1n en coordinaci\u00f3n con las autoridades de seguridad para localizar al reportero que fue privado ilegalmente de su libertad.<span class=\"Apple-converted-space\">&nbsp;<\/span><\/p>\n<p>Dicha instituci\u00f3n agreg\u00f3 que se trata de un caso de alto riesgo y no puede ofrecer informaci\u00f3n m\u00e1s detallada para no interferir en los protocolos de b\u00fasqueda.<\/p>\n<p>Fue el medio \u201cPresente Veracruz\u201d, al que pertenece el periodista, el que inform\u00f3 a trav\u00e9s de sus redes sociales que el \u201clevant\u00f3n\u201d habr\u00eda ocurrido alrededor de las 5:40 de la tarde en la calle Agricultura de la colonia L\u00e1zaro C\u00e1rdenas en contra de su reportero de la secci\u00f3n polic\u00edaca.<\/p>\n<p>Por su parte, la Organizaci\u00f3n Nacional Anticorrupci\u00f3n (ONEA) exigi\u00f3 a las autoridades de Veracruz una b\u00fasqueda efectiva y que garanticen la liberaci\u00f3n de Richard Villa.<span class=\"Apple-converted-space\">&nbsp;<\/span><\/p>\n<p>\u201cLa violencia contra periodistas y la impunidad, no pueden seguir siendo una constante en el pa\u00eds\u201d, se pudo leer en su cuenta de Twitter luego de que se dio a conocer el secuestro del periodista.<\/p>\n<p>OLA VIOLENTA<\/p>\n<p>Seg\u00fan el Sem\u00e1foro Delictivo de enero del 2023, en Veracruz se cometieron 78 homicidios, un secuestro, hubo 70 casos de extorsi\u00f3n, 211 casos relacionados a narcomenudeo, 472 robos a veh\u00edculo, 194 robos a casa habitaci\u00f3n, 294 robos a negocio, 472 lesiones, 25 casos de violaci\u00f3n, 976 de violencia familiar y 7 feminicidios. El municipio m\u00e1s peligroso fue Tihuatlan, con solo indicadores verdes en tres delitos.<\/p>\n<p>Mientras que el gobernador de la entidad, Cuitl\u00e1huac Garc\u00eda, inform\u00f3 que en la entidad hay 7 mil 224 polic\u00edas estatales, 6 mil 282 municipales y 666 navales, as\u00ed como 6 mil 800 elementos de la Marina, 6 mil 382 de Ej\u00e9rcito y Fuerza A\u00e9rea y 4 mil 283 de Guardia Nacional. Sumando ambos niveles son 31 mil 637 efectivos.<\/p>\n<p>(Informaci\u00f3n de Infobae)<\/p>\n","protected":false},"excerpt":{"rendered":"<p>Redacci\u00f3n\/Zona Roja Cdmx. Ciudad de M\u00e9xico, a 4 de abril de 2023.- El periodista Richard&hellip;<\/p>\n","protected":false},"author":2,"featured_media":53559,"comment_status":"closed","ping_status":"open","sticky":false,"template":"","format":"standard","meta":{"_lmt_disableupdate":"","_lmt_disable":"","_jetpack_memberships_contains_paid_content":false,"footnotes":""},"categories":[109,47],"tags":[99],"class_list":["post-53556","post","type-post","status-publish","format-standard","has-post-thumbnail","hentry","category-minuto-a-minuto","category-zona-gris","tag-veracruz"],"jetpack_featured_media_url":"https:\/\/zonaroja.com.mx\/wp-content\/uploads\/2023\/04\/Periodista-Richard-Villa-Veracruz.jpeg","jetpack_sharing_enabled":true,"_links":{"self":[{"href":"https:\/\/zonaroja.com.mx\/index.php?rest_route=\/wp\/v2\/posts\/53556","targetHints":{"allow":["GET"]}}],"collection":[{"href":"https:\/\/zonaroja.com.mx\/index.php?rest_route=\/wp\/v2\/posts"}],"about":[{"href":"https:\/\/zonaroja.com.mx\/index.php?rest_route=\/wp\/v2\/types\/post"}],"author":[{"embeddable":true,"href":"https:\/\/zonaroja.com.mx\/index.php?rest_route=\/wp\/v2\/users\/2"}],"replies":[{"embeddable":true,"href":"https:\/\/zonaroja.com.mx\/index.php?rest_route=%2Fwp%2Fv2%2Fcomments&post=53556"}],"version-history":[{"count":2,"href":"https:\/\/zonaroja.com.mx\/index.php?rest_route=\/wp\/v2\/posts\/53556\/revisions"}],"predecessor-version":[{"id":53572,"href":"https:\/\/zonaroja.com.mx\/index.php?rest_route=\/wp\/v2\/posts\/53556\/revisions\/53572"}],"wp:featuredmedia":[{"embeddable":true,"href":"https:\/\/zonaroja.com.mx\/index.php?rest_route=\/wp\/v2\/media\/53559"}],"wp:attachment":[{"href":"https:\/\/zonaroja.com.mx\/index.php?rest_route=%2Fwp%2Fv2%2Fmedia&parent=53556"}],"wp:term":[{"taxonomy":"category","embeddable":true,"href":"https:\/\/zonaroja.com.mx\/index.php?rest_route=%2Fwp%2Fv2%2Fcategories&post=53556"},{"taxonomy":"post_tag","embeddable":true,"href":"https:\/\/zonaroja.com.mx\/index.php?rest_route=%2Fwp%2Fv2%2Ftags&post=53556"}],"curies":[{"name":"wp","href":"https:\/\/api.w.org\/{rel}","templated":true}]}}