{"id":5356,"date":"2019-11-02T15:55:01","date_gmt":"2019-11-02T21:55:01","guid":{"rendered":"http:\/\/www.zonaroja.com.mx\/?p=5356"},"modified":"2019-11-02T15:55:04","modified_gmt":"2019-11-02T21:55:04","slug":"jalatlaco-el-barrio-oaxaqueno-donde-la-muerte-une-a-sus-habitantes","status":"publish","type":"post","link":"https:\/\/zonaroja.com.mx\/?p=5356","title":{"rendered":"Jalatlaco, el barrio oaxaque\u00f1o donde la muerte une a sus habitantes"},"content":{"rendered":"\n<p>Evlin\nArag\u00f3n\/Zona Roja.<\/p>\n\n\n\n<p>Oaxaca de\nJu\u00e1rez, Oax., 2 de noviembre de 2019.- Este a\u00f1o las calles de barrio de\nJalatlaco se llenaron de un mayor n\u00famero de visitantes durante estas\nfestividades de D\u00eda de Muertos.<\/p>\n\n\n\n<p>La noticia que\nsus fachadas hab\u00edan sido intervenidas por sus habitantes para participar en el\nprimer concurso \u201cDecora tu fachada\u201d, convocado por la Secretaria de las\nCulturas y las Artes, corri\u00f3 como espuma en las redes sociales.<\/p>\n\n\n\n<p>La fachada ganadora se ubica en Hidalgo, la calle principal del barrio, y fue realizada por integrantes de la Asociaci\u00f3n de Vecinos y Comerciantes de Jalatlaco (Aveja), quienes se unieron para crear cada uno de los elementos que conforman la decoraci\u00f3n.<\/p>\n\n\n\n<figure class=\"wp-block-embed-twitter wp-block-embed is-type-rich is-provider-twitter\"><div class=\"wp-block-embed__wrapper\">\n<div class=\"twitter-tweet\"><blockquote class=\"twitter-tweet\" data-lang=\"es\"><p lang=\"es\" dir=\"ltr\">Este es el trabajo colectivo que gan\u00f3 el primer lugar en adorno de fachada con motivo del D\u00eda de Muertos; no deje de visitarlo, se encuentra en la calle Hidalgo del barrio de <a href=\"https:\/\/twitter.com\/hashtag\/Jalatlaco?src=hash&amp;ref_src=twsrc%5Etfw\">#Jalatlaco<\/a>, ciudad de <a href=\"https:\/\/twitter.com\/hashtag\/Oaxaca?src=hash&amp;ref_src=twsrc%5Etfw\">#Oaxaca<\/a>. <a href=\"https:\/\/t.co\/CQDnowJMpT\">pic.twitter.com\/CQDnowJMpT<\/a><\/p>&mdash; Zona Roja Oaxaca (@MexRoja) <a href=\"https:\/\/twitter.com\/MexRoja\/status\/1190356132939943936?ref_src=twsrc%5Etfw\">1 de noviembre de 2019<\/a><\/blockquote><\/div>\n<\/div><\/figure>\n\n\n\n<p>El trabajo incluye\nun altar tradicional con una impresionante cantidad de flores de cempas\u00fachil,\nla explicaci\u00f3n de algunas leyendas y unas calaveras de yeso en gran formato\ncolgadas en el techo.<\/p>\n\n\n\n<p>\u201cNosotros\ndecidimos participar para embellecer nuestro barrio y dar a conocer las\ntradiciones de D\u00eda de Muertos, que no se pierdan y puedan ser admiradas por\nvisitantes locales, nacionales y extranjeros\u201d, dijo Javier Rivapalacios M\u00e9ndez,\nintegrante del colectivo.<\/p>\n\n\n\n<p>En este\nsentido, indic\u00f3 que fue una gran experiencia, ya que aproximadamente 30\npersonas se unieron durante tres semanas antes de las festividades para crear\nla maravilla de fachada ganadora cuyas fotos inundaron las redes sociales en la\nciudad de Oaxaca y otras partes del mundo.<\/p>\n\n\n\n<p>\u201cLo que nos gust\u00f3 m\u00e1s, independientemente del dise\u00f1o, es que nuestra convivencia se uni\u00f3 m\u00e1s, estamos m\u00e1s unidos, sin antes \u00e9ramos amigos, ahora somos s\u00faper amigos\u201d, asegur\u00f3 Octavio Ramos tambi\u00e9n integrante del grupo ganador del concurso.<\/p>\n\n\n\n<p>Rivapalacios M\u00e9ndez reafirm\u00f3 que el barrio de Jalatlaco se ha caracterizado por conservar sus tradiciones y en esta ocasi\u00f3n no fue la excepci\u00f3n, ya que habitantes, comerciantes y estudiantes de la zona se unieron y consiguieron el premio de 100 mil pesos.<\/p>\n\n\n\n<figure class=\"wp-block-embed-twitter wp-block-embed is-type-rich is-provider-twitter\"><div class=\"wp-block-embed__wrapper\">\n<div class=\"twitter-tweet\"><blockquote class=\"twitter-tweet\" data-lang=\"es\"><p lang=\"es\" dir=\"ltr\">Y estos son representantes de los creadores de la fachada ganadora en el concurso celebrado con motivo del D\u00eda de Muertos; su obra se encuentra en el barrio de Jalatlaco, capital de <a href=\"https:\/\/twitter.com\/hashtag\/Oaxaca?src=hash&amp;ref_src=twsrc%5Etfw\">#Oaxaca<\/a>. <a href=\"https:\/\/t.co\/Vyo4pZQf3A\">pic.twitter.com\/Vyo4pZQf3A<\/a><\/p>&mdash; Zona Roja Oaxaca (@MexRoja) <a href=\"https:\/\/twitter.com\/MexRoja\/status\/1190484873863139328?ref_src=twsrc%5Etfw\">2 de noviembre de 2019<\/a><\/blockquote><\/div>\n<\/div><\/figure>\n\n\n\n<p>De acuerdo\ncon los representantes del colectivo, el recurso servir\u00e1 para seguir haciendo\nintervenciones art\u00edsticas en las calles de la localidad como lo han hecho en\ntodas las celebraciones importantes de la capital convirtiendo al barrio en uno\nde los m\u00e1s bellos, incluso recientemente reconocido a nivel internacional.<\/p>\n\n\n\n<p>\u201cNuestro\nproyecto es a largo plazo, empezamos el a\u00f1o pasado con el mural que hicimos\npara estas mismas festividades, tambi\u00e9n hicimos intervenciones para, Semana\nSanta, Samaritana y Guelaguetza. <\/p>\n\n\n\n<p>\u201cPensamos\nrecapitalizarnos para para seguir haciendo proyectos para mejora visual del\nbarrio y atraer m\u00e1s turistas a nuestra localidad\u201d, concluy\u00f3.<\/p>\n","protected":false},"excerpt":{"rendered":"<p>Evlin Arag\u00f3n\/Zona Roja. Oaxaca de Ju\u00e1rez, Oax., 2 de noviembre de 2019.- Este a\u00f1o las&hellip;<\/p>\n","protected":false},"author":2,"featured_media":5357,"comment_status":"closed","ping_status":"open","sticky":false,"template":"","format":"standard","meta":{"_lmt_disableupdate":"","_lmt_disable":"","_jetpack_memberships_contains_paid_content":false,"footnotes":""},"categories":[109,46],"tags":[944],"class_list":["post-5356","post","type-post","status-publish","format-standard","has-post-thumbnail","hentry","category-minuto-a-minuto","category-zona-blanca","tag-barrio-de-jalatlaco"],"jetpack_featured_media_url":"https:\/\/zonaroja.com.mx\/wp-content\/uploads\/2019\/11\/Fachada-Jalatlaco.jpg","jetpack_sharing_enabled":true,"_links":{"self":[{"href":"https:\/\/zonaroja.com.mx\/index.php?rest_route=\/wp\/v2\/posts\/5356","targetHints":{"allow":["GET"]}}],"collection":[{"href":"https:\/\/zonaroja.com.mx\/index.php?rest_route=\/wp\/v2\/posts"}],"about":[{"href":"https:\/\/zonaroja.com.mx\/index.php?rest_route=\/wp\/v2\/types\/post"}],"author":[{"embeddable":true,"href":"https:\/\/zonaroja.com.mx\/index.php?rest_route=\/wp\/v2\/users\/2"}],"replies":[{"embeddable":true,"href":"https:\/\/zonaroja.com.mx\/index.php?rest_route=%2Fwp%2Fv2%2Fcomments&post=5356"}],"version-history":[{"count":1,"href":"https:\/\/zonaroja.com.mx\/index.php?rest_route=\/wp\/v2\/posts\/5356\/revisions"}],"predecessor-version":[{"id":5358,"href":"https:\/\/zonaroja.com.mx\/index.php?rest_route=\/wp\/v2\/posts\/5356\/revisions\/5358"}],"wp:featuredmedia":[{"embeddable":true,"href":"https:\/\/zonaroja.com.mx\/index.php?rest_route=\/wp\/v2\/media\/5357"}],"wp:attachment":[{"href":"https:\/\/zonaroja.com.mx\/index.php?rest_route=%2Fwp%2Fv2%2Fmedia&parent=5356"}],"wp:term":[{"taxonomy":"category","embeddable":true,"href":"https:\/\/zonaroja.com.mx\/index.php?rest_route=%2Fwp%2Fv2%2Fcategories&post=5356"},{"taxonomy":"post_tag","embeddable":true,"href":"https:\/\/zonaroja.com.mx\/index.php?rest_route=%2Fwp%2Fv2%2Ftags&post=5356"}],"curies":[{"name":"wp","href":"https:\/\/api.w.org\/{rel}","templated":true}]}}