{"id":53561,"date":"2023-04-04T08:48:29","date_gmt":"2023-04-04T13:48:29","guid":{"rendered":"http:\/\/www.zonaroja.com.mx\/?p=53561"},"modified":"2023-04-04T08:50:39","modified_gmt":"2023-04-04T13:50:39","slug":"53561","status":"publish","type":"post","link":"https:\/\/zonaroja.com.mx\/?p=53561","title":{"rendered":"Asesinan a mujer y a su pareja en la regi\u00f3n Cuenca de Oaxaca"},"content":{"rendered":"<p>Ismael Garc\u00eda M.\/Zona Roja.<\/p>\n<p>Oaxaca de Ju\u00e1rez, Oax., a 4 de abril de 2023.- Autoridades ministeriales y de corporaciones policiacas confirmaron el asesinato a balazos de una mujer y de su pareja, en la regi\u00f3n Cuenca del Papaloapan de Oaxaca.<\/p>\n<p>El homicidio y probable feminicidio se registr\u00f3 la noche del pasado domingo en la localidad Paso Escalera, perteneciente al municipio de San Felipe Usila.<\/p>\n<p>Sujetos armados arribaron al hogar de la pareja y acribillaron a \u00c1ngel Isidro A., de 40 a\u00f1os de edad, y Juana H. A., de 34 a\u00f1os, quienes murieron en el mismo sitio.<\/p>\n<p>Personal de la Vicefiscal\u00eda Regional de la Cuenca, de la Fiscal\u00eda General del Estado, inici\u00f3 las indagatorias correspondientes, bajo los protocolos de feminicidio en un caso.<\/p>\n<p>Seg\u00fan las primeras indagatorias, habr\u00eda sido la ex pareja de la mujer quien cometi\u00f3 el doble crimen, lo cual es una de las l\u00edneas en las que trabaja la autoridad ministerial.<\/p>\n","protected":false},"excerpt":{"rendered":"<p>Ismael Garc\u00eda M.\/Zona Roja. Oaxaca de Ju\u00e1rez, Oax., a 4 de abril de 2023.- Autoridades&hellip;<\/p>\n","protected":false},"author":2,"featured_media":52577,"comment_status":"closed","ping_status":"open","sticky":false,"template":"","format":"standard","meta":{"_lmt_disableupdate":"","_lmt_disable":"","_jetpack_memberships_contains_paid_content":false,"footnotes":""},"categories":[109,51],"tags":[1937],"class_list":["post-53561","post","type-post","status-publish","format-standard","has-post-thumbnail","hentry","category-minuto-a-minuto","category-zona-roja","tag-san-felipe-usila"],"jetpack_featured_media_url":"https:\/\/zonaroja.com.mx\/wp-content\/uploads\/2023\/03\/Feministas-feminicidio-violencia-5-Consorcio.jpeg","jetpack_sharing_enabled":true,"_links":{"self":[{"href":"https:\/\/zonaroja.com.mx\/index.php?rest_route=\/wp\/v2\/posts\/53561","targetHints":{"allow":["GET"]}}],"collection":[{"href":"https:\/\/zonaroja.com.mx\/index.php?rest_route=\/wp\/v2\/posts"}],"about":[{"href":"https:\/\/zonaroja.com.mx\/index.php?rest_route=\/wp\/v2\/types\/post"}],"author":[{"embeddable":true,"href":"https:\/\/zonaroja.com.mx\/index.php?rest_route=\/wp\/v2\/users\/2"}],"replies":[{"embeddable":true,"href":"https:\/\/zonaroja.com.mx\/index.php?rest_route=%2Fwp%2Fv2%2Fcomments&post=53561"}],"version-history":[{"count":2,"href":"https:\/\/zonaroja.com.mx\/index.php?rest_route=\/wp\/v2\/posts\/53561\/revisions"}],"predecessor-version":[{"id":53564,"href":"https:\/\/zonaroja.com.mx\/index.php?rest_route=\/wp\/v2\/posts\/53561\/revisions\/53564"}],"wp:featuredmedia":[{"embeddable":true,"href":"https:\/\/zonaroja.com.mx\/index.php?rest_route=\/wp\/v2\/media\/52577"}],"wp:attachment":[{"href":"https:\/\/zonaroja.com.mx\/index.php?rest_route=%2Fwp%2Fv2%2Fmedia&parent=53561"}],"wp:term":[{"taxonomy":"category","embeddable":true,"href":"https:\/\/zonaroja.com.mx\/index.php?rest_route=%2Fwp%2Fv2%2Fcategories&post=53561"},{"taxonomy":"post_tag","embeddable":true,"href":"https:\/\/zonaroja.com.mx\/index.php?rest_route=%2Fwp%2Fv2%2Ftags&post=53561"}],"curies":[{"name":"wp","href":"https:\/\/api.w.org\/{rel}","templated":true}]}}