{"id":53566,"date":"2023-04-04T11:14:01","date_gmt":"2023-04-04T16:14:01","guid":{"rendered":"http:\/\/www.zonaroja.com.mx\/?p=53566"},"modified":"2023-04-04T13:31:59","modified_gmt":"2023-04-04T18:31:59","slug":"53566","status":"publish","type":"post","link":"https:\/\/zonaroja.com.mx\/?p=53566","title":{"rendered":"Activa la Profeco plan de atenci\u00f3n a vacacionistas en Semana Santa"},"content":{"rendered":"<p>Redacci\u00f3n\/Zona Roja.<\/p>\n<p>Oaxaca de Ju\u00e1rez, Oax., a&nbsp;4 de abril&nbsp;de 2023.-&nbsp;La Oficina en Oaxaca de La Profeco, implementa el operativo vacacional y tur\u00edstico \u201cSemana Santa y Pascua 2023\u201d, el cual tiene por objetivo garantizar el respeto de los derechos de las personas&nbsp;que consumen servicios tur\u00edsticos y de temporada, as\u00ed como&nbsp;atender las denuncias mediante acciones de verificaci\u00f3n y recepci\u00f3n de quejas, en los principales centros tur\u00edsticos de Oaxaca: Centro Hist\u00f3rico y Valles Centrales, Bah\u00edas de Huatulco, Puerto Escondido y&nbsp;Zicatela.<\/p>\n<p>Por instrucciones del procurador Ricardo Sheffield Padilla,&nbsp;el&nbsp;operativo&nbsp;se&nbsp;lleva&nbsp;a cabo del 1 al 16 de abril de 2023, y&nbsp;estar\u00e1 orientado a&nbsp;vigilar que hoteles, balnearios, restaurantes, bares, tiendas con venta de ropa y calzado de temporada, l\u00edneas a\u00e9reas, l\u00edneas camioneras y agencias de viaje exhiban precios y condiciones de venta de sus productos y servicios, que&nbsp;estos&nbsp;se respeten y que no se condicione o discrimine a nadie.<\/p>\n<p>Mar\u00eda de Lourdes Santiago Cruz, titular de Profeco en Oaxaca, informa que en coordinaci\u00f3n con personal de la Guardia Nacional tambi\u00e9n se realizan medidas preventivas como visitar establecimientos&nbsp;exhortando a proveedores a evitar conductas que pueden&nbsp;infringir&nbsp;la Ley Federal de Protecci\u00f3n al Consumidor, como la cargos desleales como comisi\u00f3n por pago con tarjeta, &nbsp;imposici\u00f3n obligatoria de la propina, selecci\u00f3n de clientela.<\/p>\n<p>La Profeco reitera su compromiso por proteger a la poblaci\u00f3n consumidora y&nbsp;pone a&nbsp;su&nbsp;disposici\u00f3n los canales de comunicaci\u00f3n para reportar&nbsp;a proveedores abusivos&nbsp;&nbsp;o&nbsp;solicitar asesor\u00eda al&nbsp;Tel\u00e9fono del Consumidor 800 468 8722, en la ciudad de Oaxaca el 951 51 3 41 41,&nbsp;y en Huatulco al 958 58 71070&nbsp;y de las redes sociales oficiales en&nbsp;Twitter: @AtencionProfeco&nbsp;y en Facebook:&nbsp;ProfecoOficial.<\/p>\n","protected":false},"excerpt":{"rendered":"<p>Redacci\u00f3n\/Zona Roja. Oaxaca de Ju\u00e1rez, Oax., a&nbsp;4 de abril&nbsp;de 2023.-&nbsp;La Oficina en Oaxaca de La&hellip;<\/p>\n","protected":false},"author":2,"featured_media":53568,"comment_status":"closed","ping_status":"open","sticky":false,"template":"","format":"standard","meta":{"_lmt_disableupdate":"","_lmt_disable":"","_jetpack_memberships_contains_paid_content":false,"footnotes":""},"categories":[109,46],"tags":[2019],"class_list":["post-53566","post","type-post","status-publish","format-standard","has-post-thumbnail","hentry","category-minuto-a-minuto","category-zona-blanca","tag-procuaduria-federal-del-consumidor-profeco-oaxaca"],"jetpack_featured_media_url":"https:\/\/zonaroja.com.mx\/wp-content\/uploads\/2023\/04\/Verificacion-operativo-Profeco.jpg","jetpack_sharing_enabled":true,"_links":{"self":[{"href":"https:\/\/zonaroja.com.mx\/index.php?rest_route=\/wp\/v2\/posts\/53566","targetHints":{"allow":["GET"]}}],"collection":[{"href":"https:\/\/zonaroja.com.mx\/index.php?rest_route=\/wp\/v2\/posts"}],"about":[{"href":"https:\/\/zonaroja.com.mx\/index.php?rest_route=\/wp\/v2\/types\/post"}],"author":[{"embeddable":true,"href":"https:\/\/zonaroja.com.mx\/index.php?rest_route=\/wp\/v2\/users\/2"}],"replies":[{"embeddable":true,"href":"https:\/\/zonaroja.com.mx\/index.php?rest_route=%2Fwp%2Fv2%2Fcomments&post=53566"}],"version-history":[{"count":2,"href":"https:\/\/zonaroja.com.mx\/index.php?rest_route=\/wp\/v2\/posts\/53566\/revisions"}],"predecessor-version":[{"id":53573,"href":"https:\/\/zonaroja.com.mx\/index.php?rest_route=\/wp\/v2\/posts\/53566\/revisions\/53573"}],"wp:featuredmedia":[{"embeddable":true,"href":"https:\/\/zonaroja.com.mx\/index.php?rest_route=\/wp\/v2\/media\/53568"}],"wp:attachment":[{"href":"https:\/\/zonaroja.com.mx\/index.php?rest_route=%2Fwp%2Fv2%2Fmedia&parent=53566"}],"wp:term":[{"taxonomy":"category","embeddable":true,"href":"https:\/\/zonaroja.com.mx\/index.php?rest_route=%2Fwp%2Fv2%2Fcategories&post=53566"},{"taxonomy":"post_tag","embeddable":true,"href":"https:\/\/zonaroja.com.mx\/index.php?rest_route=%2Fwp%2Fv2%2Ftags&post=53566"}],"curies":[{"name":"wp","href":"https:\/\/api.w.org\/{rel}","templated":true}]}}