{"id":53570,"date":"2023-04-04T12:30:39","date_gmt":"2023-04-04T17:30:39","guid":{"rendered":"http:\/\/www.zonaroja.com.mx\/?p=53570"},"modified":"2023-04-04T14:53:39","modified_gmt":"2023-04-04T19:53:39","slug":"53570","status":"publish","type":"post","link":"https:\/\/zonaroja.com.mx\/?p=53570","title":{"rendered":"Iniciar\u00e1 funciones Juzgado Segundo\u00a0 Familiar y Civil del Distrito de Etla"},"content":{"rendered":"<p>Redacci\u00f3n\/Zona Roja Cdmx.<\/p>\n<p>Ciudad de M\u00e9xico, a 4 de abril de 2023.- Con la finalidad de cumplir a cabalidad con el principio constitucional de garantizar una justicia pronta y&nbsp;expedita,&nbsp;as\u00ed como lograr&nbsp;mayor agilidad en la resoluci\u00f3n de asuntos,&nbsp;el&nbsp;Pleno del Consejo de la Judicatura&nbsp;del Poder Judicial del Estado, que preside el magistrado Eduardo Pinacho S\u00e1nchez, acord\u00f3 la creaci\u00f3n del Juzgado Segundo Familiar y Civil del&nbsp;Distrito Judicial de Etla, el cual entrar\u00e1 en funciones el pr\u00f3ximo 12 de abril.<\/p>\n<p>Conforme a lo establecido en el Acuerdo General 7\/2023&nbsp;la determinaci\u00f3n se tom\u00f3 ante el alto \u00edndice de asuntos tanto en materia civil, mercantil,&nbsp;como familiar en el Juzgado Civil de Etla, que seg\u00fan&nbsp;con las estad\u00edsticas de la Direcci\u00f3n de Planeaci\u00f3n&nbsp;e Inform\u00e1tica&nbsp;registr\u00f3 en el a\u00f1o 2016 un total de 722 expedientes; en 2017 fue de 795, en el 2018 de 724;&nbsp;en&nbsp;el 2019 de 829 y en 2022&nbsp;de789, de los que se encuentran en tr\u00e1mite una gran cantidad, lo que ha requerido reforzar a dicho \u00f3rgano jurisdiccional con recursos humanos y materiales.<\/p>\n<p>Sin embargo, ello no hab\u00eda resultado suficiente para abatir la carga de trabajo y brindar una mejor atenci\u00f3n a los ciudadanos usuarios; de ah\u00ed que&nbsp;en&nbsp;la protecci\u00f3n de los derechos humanos de ni\u00f1as, ni\u00f1os, adolescentes y mujeres,&nbsp;as\u00ed como la adecuada distribuci\u00f3n de&nbsp;las cargas&nbsp;de trabajo y atenci\u00f3n, se consider\u00f3 necesaria&nbsp;la creaci\u00f3n de un segundo juzgado que conozca de asuntos en materia familiary civil.<\/p>\n<p>En los ajustes&nbsp;necesarios para la distribuci\u00f3n de trabajo de forma equitativa entre \u00e9ste y el que funciona actualmente en dicho Distrito Judicial, el&nbsp;Pleno del Consejo de la Judicatura&nbsp;determin\u00f3 declinar competencia para que el 50 por ciento de los m\u00e1s de cinco mil 300 asuntos en&nbsp;tr\u00e1mite&nbsp;correspondientes a los a\u00f1os de 2016 al 31 de enero de 2023&nbsp;y&nbsp;radicados en el&nbsp;que ahora ser\u00e1 el&nbsp;Juzgado Primero Familiar y Civil de Etla&nbsp;(anteriormente Juzgado Civil de Etla),&nbsp;sean turnados al Juzgado Segundo Familiar y Civil de&nbsp;ese Distrito Judicial.<\/p>\n<p>El espacio del nuevo juzgado, en la calle Hidalgo sin n\u00famero, esquina Xicot\u00e9ncatl, Palacio Municipal de la Villa de Etla,&nbsp;cumple con lo necesario para llevar a cabo la labor jurisdiccional,&nbsp;en condiciones dignas y adecuadas.<\/p>\n<p>De esta manera, el Consejo&nbsp;de la Judicatura&nbsp;del Poder Judicial del Estado&nbsp;toma las determinaciones necesarias que contribuyan a seguir mejorando el servicio de impartici\u00f3n y administraci\u00f3n de justicia que se&nbsp;brinda&nbsp;a la ciudadan\u00eda.<\/p>\n","protected":false},"excerpt":{"rendered":"<p>Redacci\u00f3n\/Zona Roja Cdmx. Ciudad de M\u00e9xico, a 4 de abril de 2023.- Con la finalidad&hellip;<\/p>\n","protected":false},"author":2,"featured_media":53567,"comment_status":"closed","ping_status":"open","sticky":false,"template":"","format":"standard","meta":{"_lmt_disableupdate":"","_lmt_disable":"","_jetpack_memberships_contains_paid_content":false,"footnotes":""},"categories":[109,46],"tags":[223],"class_list":["post-53570","post","type-post","status-publish","format-standard","has-post-thumbnail","hentry","category-minuto-a-minuto","category-zona-blanca","tag-poder-judicial-de-oaxaca"],"jetpack_featured_media_url":"https:\/\/zonaroja.com.mx\/wp-content\/uploads\/2023\/04\/Sesion-del-Pleno-del-Consejo-de-la-Judicatura.jpg","jetpack_sharing_enabled":true,"_links":{"self":[{"href":"https:\/\/zonaroja.com.mx\/index.php?rest_route=\/wp\/v2\/posts\/53570","targetHints":{"allow":["GET"]}}],"collection":[{"href":"https:\/\/zonaroja.com.mx\/index.php?rest_route=\/wp\/v2\/posts"}],"about":[{"href":"https:\/\/zonaroja.com.mx\/index.php?rest_route=\/wp\/v2\/types\/post"}],"author":[{"embeddable":true,"href":"https:\/\/zonaroja.com.mx\/index.php?rest_route=\/wp\/v2\/users\/2"}],"replies":[{"embeddable":true,"href":"https:\/\/zonaroja.com.mx\/index.php?rest_route=%2Fwp%2Fv2%2Fcomments&post=53570"}],"version-history":[{"count":2,"href":"https:\/\/zonaroja.com.mx\/index.php?rest_route=\/wp\/v2\/posts\/53570\/revisions"}],"predecessor-version":[{"id":53576,"href":"https:\/\/zonaroja.com.mx\/index.php?rest_route=\/wp\/v2\/posts\/53570\/revisions\/53576"}],"wp:featuredmedia":[{"embeddable":true,"href":"https:\/\/zonaroja.com.mx\/index.php?rest_route=\/wp\/v2\/media\/53567"}],"wp:attachment":[{"href":"https:\/\/zonaroja.com.mx\/index.php?rest_route=%2Fwp%2Fv2%2Fmedia&parent=53570"}],"wp:term":[{"taxonomy":"category","embeddable":true,"href":"https:\/\/zonaroja.com.mx\/index.php?rest_route=%2Fwp%2Fv2%2Fcategories&post=53570"},{"taxonomy":"post_tag","embeddable":true,"href":"https:\/\/zonaroja.com.mx\/index.php?rest_route=%2Fwp%2Fv2%2Ftags&post=53570"}],"curies":[{"name":"wp","href":"https:\/\/api.w.org\/{rel}","templated":true}]}}