{"id":53578,"date":"2023-04-04T15:42:29","date_gmt":"2023-04-04T20:42:29","guid":{"rendered":"http:\/\/www.zonaroja.com.mx\/?p=53578"},"modified":"2023-04-04T15:42:30","modified_gmt":"2023-04-04T20:42:30","slug":"vacaciones-sangrientas-en-oaxaca-suman-10-asesinatos-en-48-horas-hoy-4","status":"publish","type":"post","link":"https:\/\/zonaroja.com.mx\/?p=53578","title":{"rendered":"Vacaciones sangrientas en Oaxaca; suman 10 asesinatos en 48 horas; hoy 4"},"content":{"rendered":"\n<p>Yuridiana Sosa\/Zona Roja<\/p>\n\n\n\n<p>Oaxaca de Ju\u00e1rez, Oax., a 4 de abril de 2023.- En medio del supuesto reforzamiento de la seguridad p\u00fablica por el periodo vacacional de Semana Santa, en Oaxaca se han cometido 10 asesinatos, uno de ellos un presunto feminicidio, en el transcurso del domingo a este martes. <\/p>\n\n\n\n<p>Los asesinatos se han registrado en las diferentes regiones de la entidad, Valles Centrales, Mixteca, Sierra Sur y Cuenca del Papaloapan. Cr\u00edmenes por los que hasta ahora no se han reportado la detenci\u00f3n de personas por su presunta responsabilidad.<\/p>\n\n\n\n<p>El hecho m\u00e1s reciente ocurri\u00f3 despu\u00e9s del mediod\u00eda de hoy, en el municipio de Salina Cruz, que gobierna el morenista Daniel M\u00e9ndez Sosa.<\/p>\n\n\n\n<p>Fue en el interior de el bar \u201cLa Piedrita\u201d ubicado en la calzada del Pante\u00f3n, en que sujetos armados ingresaron y acribillaron a tres individuos hasta ahora no identificados. No hab\u00eda polic\u00edas en la zona, por lo cual no hubo detenciones. <\/p>\n\n\n\n<p>En la ma\u00f1ana de este martes, en el municipio de Huajuapan de Le\u00f3n, en la regi\u00f3n Mixteca, un hombre fue asesinado en su domicilio ubicado en la calle Agust\u00edn Melgar de la colonia El Mirador.<\/p>\n\n\n\n<p>De acuerdo al reporte policial, la v\u00edctima fue identificada como Uber R. R. de aproximadamente 37 a\u00f1os de edad. <\/p>\n\n\n\n<p>En tanto que el d\u00eda m\u00e1s sangriento se registr\u00f3 el pasado domingo 2 de abril, con al menos seis v\u00edctimas.<\/p>\n\n\n\n<p>La ma\u00f1ana inici\u00f3 con el reporte del hallazgo de una persona asesinada en la agencia de San Juan Chapultepec, de Oaxaca de Ju\u00e1rez, cuyos restos se encontraban en bolsas.<\/p>\n\n\n\n<p>El cuerpo descuartizado fue localizado en la calle Privada del Pante\u00f3n y carretera antigua a la zona arqueol\u00f3gica de Monte Alb\u00e1n.&nbsp;<\/p>\n\n\n\n<p>Minutos despu\u00e9s, en el municipio conurbado de San Andr\u00e9s Huay\u00e1pam ocurri\u00f3 un asesinato m\u00e1s contra una persona del sexo masculino.<\/p>\n\n\n\n<p>Mientras en el centro de esa localidad se realizaba la \u201cFeria del Tejate\u201d, un hombre fue asesinado a balazos y su cuerpo localizado en un camino de terracer\u00eda, en el paraje \u201cLa Carroza\u201d.<\/p>\n\n\n\n<p>Cerca&nbsp;de las 13:40&nbsp;horas en el centro del municipio de Santiago Juxtlahuaca, en la regi\u00f3n Mixteca, se registr\u00f3 el ataque y asesinato con arma de fuego de Ricardo Gonz\u00e1lez Guzm\u00e1n, integrante del Movimiento de Unificaci\u00f3n y Lucha Triqui Independiente (MULTI).<\/p>\n\n\n\n<p>Horas despu\u00e9s, en la Sierra Sur, una pareja fue atacada a balazos cuando circulaba en su veh\u00edculo Nissan, tipo Estaquitas, por la carretera federal \u201cAlfonso P\u00e9rez Gasga\u201d, a la altura del municipio de Mesones Hidalgo.<\/p>\n\n\n\n<p>El hombre, identificado como Julio C\u00e9sar R. R, falleci\u00f3 la ma\u00f1ana de&nbsp;este lunes&nbsp;a consecuencia de las heridas mientras recib\u00eda atenci\u00f3n m\u00e9dica en el hospital general de Putla Villa de Guerrero, mientras que la se\u00f1ora Virginia C. R., segu\u00eda delicada de salud.<\/p>\n\n\n\n<p>Tambi\u00e9n la noche del domingo, en el municipio de San Felipe Usila, en la Cuenca, se registr\u00f3 un doble asesinato con arma de fuego, una de las v\u00edctimas fue una mujer.<\/p>\n\n\n\n<p>El reporte policial indic\u00f3 que el hecho ocurri\u00f3 en la localidad Paso Escalera, donde sujetos armados llegaron hasta la vivienda de la pareja para acabar con la vida de \u00c1ngel Isidro A., de 40 a\u00f1os de edad, y Juana H. A., de 34 a\u00f1os.<\/p>\n","protected":false},"excerpt":{"rendered":"<p>Yuridiana Sosa\/Zona Roja Oaxaca de Ju\u00e1rez, Oax., a 4 de abril de 2023.- En medio&hellip;<\/p>\n","protected":false},"author":2,"featured_media":53577,"comment_status":"closed","ping_status":"open","sticky":false,"template":"","format":"standard","meta":{"_lmt_disableupdate":"","_lmt_disable":"","_jetpack_memberships_contains_paid_content":false,"footnotes":""},"categories":[109,51],"tags":[],"class_list":["post-53578","post","type-post","status-publish","format-standard","has-post-thumbnail","hentry","category-minuto-a-minuto","category-zona-roja"],"jetpack_featured_media_url":"https:\/\/zonaroja.com.mx\/wp-content\/uploads\/2023\/04\/0fd73e67-1c7d-46e4-ba78-92afcbc0fd5d.jpg","jetpack_sharing_enabled":true,"_links":{"self":[{"href":"https:\/\/zonaroja.com.mx\/index.php?rest_route=\/wp\/v2\/posts\/53578","targetHints":{"allow":["GET"]}}],"collection":[{"href":"https:\/\/zonaroja.com.mx\/index.php?rest_route=\/wp\/v2\/posts"}],"about":[{"href":"https:\/\/zonaroja.com.mx\/index.php?rest_route=\/wp\/v2\/types\/post"}],"author":[{"embeddable":true,"href":"https:\/\/zonaroja.com.mx\/index.php?rest_route=\/wp\/v2\/users\/2"}],"replies":[{"embeddable":true,"href":"https:\/\/zonaroja.com.mx\/index.php?rest_route=%2Fwp%2Fv2%2Fcomments&post=53578"}],"version-history":[{"count":1,"href":"https:\/\/zonaroja.com.mx\/index.php?rest_route=\/wp\/v2\/posts\/53578\/revisions"}],"predecessor-version":[{"id":53579,"href":"https:\/\/zonaroja.com.mx\/index.php?rest_route=\/wp\/v2\/posts\/53578\/revisions\/53579"}],"wp:featuredmedia":[{"embeddable":true,"href":"https:\/\/zonaroja.com.mx\/index.php?rest_route=\/wp\/v2\/media\/53577"}],"wp:attachment":[{"href":"https:\/\/zonaroja.com.mx\/index.php?rest_route=%2Fwp%2Fv2%2Fmedia&parent=53578"}],"wp:term":[{"taxonomy":"category","embeddable":true,"href":"https:\/\/zonaroja.com.mx\/index.php?rest_route=%2Fwp%2Fv2%2Fcategories&post=53578"},{"taxonomy":"post_tag","embeddable":true,"href":"https:\/\/zonaroja.com.mx\/index.php?rest_route=%2Fwp%2Fv2%2Ftags&post=53578"}],"curies":[{"name":"wp","href":"https:\/\/api.w.org\/{rel}","templated":true}]}}