{"id":53588,"date":"2023-04-04T22:05:43","date_gmt":"2023-04-05T03:05:43","guid":{"rendered":"http:\/\/www.zonaroja.com.mx\/?p=53588"},"modified":"2023-04-04T22:08:25","modified_gmt":"2023-04-05T03:08:25","slug":"53588","status":"publish","type":"post","link":"https:\/\/zonaroja.com.mx\/?p=53588","title":{"rendered":"En af\u00e1n proselitista, presume No\u00e9 Jara obras\u2026 del ayuntamiento"},"content":{"rendered":"<p>Redacci\u00f3n\/Zona Roja.<\/p>\n<p>Oaxaca de Ju\u00e1rez, Oax., a 4 de abril de 2023.- En su af\u00e1n cotidiano proselitista, No\u00e9 Jara Cruz, hermano del gobernador Salom\u00f3n Jara Cruz, presume e inaugura obras\u2026 que realiza el ayuntamiento de Oaxaca de Ju\u00e1rez.<\/p>\n<p>Hace dos d\u00edas, quien busca la candidatura a la presidencia municipal, pese a no ser tiempos electorales, acudi\u00f3 a la colonia Cuauht\u00e9moc, para inaugurar la calle El P\u00edpila, donde se realizaron obras de pavimentaci\u00f3n con concreto hidr\u00e1ulico, de drenaje y red de agua potable.<\/p>\n<p>Sin embargo, de acuerdo con fuentes del ayuntamiento, dichas obras en la Agencia Santa Rosa Panzacola, la autoriz\u00f3 las ejecut\u00f3 con montos de $2,480,987.86; $406,551.74 y $984,228.56.<\/p>\n<p>A la inauguraci\u00f3n tambi\u00e9n acudi\u00f3 la diputada por Morena, Haydee Reyes Soto, quien difundi\u00f3 la fotograf\u00eda en la que posa con Jara Cruz y un reducido grupo de vecinos.<\/p>\n<p>La mayor\u00eda de los habitantes de esa colonia expresaron su rechazo por la actitud oportunista de No\u00e9 Jara y la legisladora, que en cada oportunidad no ha dejado de criticar al edil Francisco Mart\u00ednez Neri, como lo hizo hoy en sesi\u00f3n del Congreso local.<\/p>\n<p>\u201cAl parecer el ser hermano del gobernador Salom\u00f3n Jara no le alcanza lo del autonombrado referente de Morena para destacar, al grado de tener que recurrir a presumir obras ajenas, para hacer campa\u00f1a pol\u00edtica con toda libertad. No\u00e9 quiere ya tener un puesto que no sea inventado, y aprovecha el dinero del gobierno, con la venia de su hermano, para promocionar su imagen\u201d, se\u00f1alaron los vecinos.<\/p>\n","protected":false},"excerpt":{"rendered":"<p>Redacci\u00f3n\/Zona Roja. Oaxaca de Ju\u00e1rez, Oax., a 4 de abril de 2023.- En su af\u00e1n&hellip;<\/p>\n","protected":false},"author":2,"featured_media":53589,"comment_status":"closed","ping_status":"open","sticky":false,"template":"","format":"standard","meta":{"_lmt_disableupdate":"","_lmt_disable":"","_jetpack_memberships_contains_paid_content":false,"footnotes":""},"categories":[109,47],"tags":[3305],"class_list":["post-53588","post","type-post","status-publish","format-standard","has-post-thumbnail","hentry","category-minuto-a-minuto","category-zona-gris","tag-noe-jara-cruz"],"jetpack_featured_media_url":"https:\/\/zonaroja.com.mx\/wp-content\/uploads\/2023\/04\/Inauguracion-obras-Noe-Jara.jpg","jetpack_sharing_enabled":true,"_links":{"self":[{"href":"https:\/\/zonaroja.com.mx\/index.php?rest_route=\/wp\/v2\/posts\/53588","targetHints":{"allow":["GET"]}}],"collection":[{"href":"https:\/\/zonaroja.com.mx\/index.php?rest_route=\/wp\/v2\/posts"}],"about":[{"href":"https:\/\/zonaroja.com.mx\/index.php?rest_route=\/wp\/v2\/types\/post"}],"author":[{"embeddable":true,"href":"https:\/\/zonaroja.com.mx\/index.php?rest_route=\/wp\/v2\/users\/2"}],"replies":[{"embeddable":true,"href":"https:\/\/zonaroja.com.mx\/index.php?rest_route=%2Fwp%2Fv2%2Fcomments&post=53588"}],"version-history":[{"count":2,"href":"https:\/\/zonaroja.com.mx\/index.php?rest_route=\/wp\/v2\/posts\/53588\/revisions"}],"predecessor-version":[{"id":53591,"href":"https:\/\/zonaroja.com.mx\/index.php?rest_route=\/wp\/v2\/posts\/53588\/revisions\/53591"}],"wp:featuredmedia":[{"embeddable":true,"href":"https:\/\/zonaroja.com.mx\/index.php?rest_route=\/wp\/v2\/media\/53589"}],"wp:attachment":[{"href":"https:\/\/zonaroja.com.mx\/index.php?rest_route=%2Fwp%2Fv2%2Fmedia&parent=53588"}],"wp:term":[{"taxonomy":"category","embeddable":true,"href":"https:\/\/zonaroja.com.mx\/index.php?rest_route=%2Fwp%2Fv2%2Fcategories&post=53588"},{"taxonomy":"post_tag","embeddable":true,"href":"https:\/\/zonaroja.com.mx\/index.php?rest_route=%2Fwp%2Fv2%2Ftags&post=53588"}],"curies":[{"name":"wp","href":"https:\/\/api.w.org\/{rel}","templated":true}]}}