{"id":5359,"date":"2019-11-02T16:05:26","date_gmt":"2019-11-02T22:05:26","guid":{"rendered":"http:\/\/www.zonaroja.com.mx\/?p=5359"},"modified":"2019-11-02T16:05:29","modified_gmt":"2019-11-02T22:05:29","slug":"impunes-asesinos-de-periodistas-en-el-mundo-revela-informe-de-unesco","status":"publish","type":"post","link":"https:\/\/zonaroja.com.mx\/?p=5359","title":{"rendered":"Impunes asesinos de periodistas en el mundo, revela informe de Unesco"},"content":{"rendered":"\n<p>Redacci\u00f3n\/Zona\nRoja Cdmx.<\/p>\n\n\n\n<p>Ciudad de\nM\u00e9xico, 2 de noviembre de 2019.- En el marco del D\u00eda Internacional para Poner\nFin a la Impunidad de Cr\u00edmenes contra Periodistas, que se conmemora hoy, la\nOrganizaci\u00f3n de las Naciones Unidas para la Educaci\u00f3n, la Ciencia y la Cultura\n(Unesco) denunci\u00f3 que entre 2006 y 2018 fueron asesinados mil 109 periodistas\nen el mundo. <\/p>\n\n\n\n<p>Se estima\nque 90 por ciento de los responsables no han sido condenados, expuso en su\ninforme \u201cAtaques injustificados, nuevas defensas\u201d.<\/p>\n\n\n\n<p>El organismo\nmultinacional agreg\u00f3 que entre 2014 y 2018, se increment\u00f3 en 18 por ciento el\nn\u00famero de asesinatos de informadores, mientras Am\u00e9rica Latina ocupa el segundo\nlugar como la regi\u00f3n m\u00e1s peligrosa del planeta para ejercer el periodismo, con\n26 por ciento de los casos de periodistas asesinados, s\u00f3lo superada por los\nestados \u00e1rabes, con 30 por ciento.<\/p>\n\n\n\n<p>El informe\nrevela tambi\u00e9n que en entre 2017 y 2018, el 55 por ciento de los asesinatos de\nperiodistas se perpetraron en zonas no conflictivas, lo que se\u00f1ala que existe\nuna naturaleza cambiante de los asesinatos de comunicadores, que a menudo son\nblanco de ataques debido a sus reportajes sobre pol\u00edtica, crimen y corrupci\u00f3n.<\/p>\n\n\n\n<p>La Unesco\ndetall\u00f3 que en lo que va de 2019 se han reportado un n\u00famero menor de homicidios\n(43) en comparaci\u00f3n con los reportados en 2018 y para el 30 de octubre se\nhab\u00edan registrado 90 casos. <\/p>\n\n\n\n<p>Adem\u00e1s,\ndestac\u00f3 que se mantiene la campa\u00f1a en redes sociales #LaVerdadSigueViva, con la\nfinalidad de llamar la atenci\u00f3n sobre los peligros a los que se enfrentan los\nperiodistas cerca de sus casas, pues destaca que 93 por ciento de las v\u00edctimas\nson reporteros locales.<\/p>\n\n\n\n<p>En este contexto,\nel organismo anunci\u00f3 que el pr\u00f3ximo 7 de noviembre la Ciudad de M\u00e9xico ser\u00e1\nsede del acto central del D\u00eda Internacional para poner fin a la Impunidad de\nlos Cr\u00edmenes contra Periodistas, con un seminario internacional sobre el\nfortalecimiento de la cooperaci\u00f3n regional para poner fin a la impunidad de los\ncr\u00edmenes y los ataques contra periodistas en Am\u00e9rica Latina.<\/p>\n","protected":false},"excerpt":{"rendered":"<p>Redacci\u00f3n\/Zona Roja Cdmx. Ciudad de M\u00e9xico, 2 de noviembre de 2019.- En el marco del&hellip;<\/p>\n","protected":false},"author":2,"featured_media":5360,"comment_status":"closed","ping_status":"open","sticky":false,"template":"","format":"standard","meta":{"_lmt_disableupdate":"","_lmt_disable":"","_jetpack_memberships_contains_paid_content":false,"footnotes":""},"categories":[109,47],"tags":[945],"class_list":["post-5359","post","type-post","status-publish","format-standard","has-post-thumbnail","hentry","category-minuto-a-minuto","category-zona-gris","tag-ataques-a-periodistas-unesco"],"jetpack_featured_media_url":"https:\/\/zonaroja.com.mx\/wp-content\/uploads\/2019\/11\/prensa-8.jpg","jetpack_sharing_enabled":true,"_links":{"self":[{"href":"https:\/\/zonaroja.com.mx\/index.php?rest_route=\/wp\/v2\/posts\/5359","targetHints":{"allow":["GET"]}}],"collection":[{"href":"https:\/\/zonaroja.com.mx\/index.php?rest_route=\/wp\/v2\/posts"}],"about":[{"href":"https:\/\/zonaroja.com.mx\/index.php?rest_route=\/wp\/v2\/types\/post"}],"author":[{"embeddable":true,"href":"https:\/\/zonaroja.com.mx\/index.php?rest_route=\/wp\/v2\/users\/2"}],"replies":[{"embeddable":true,"href":"https:\/\/zonaroja.com.mx\/index.php?rest_route=%2Fwp%2Fv2%2Fcomments&post=5359"}],"version-history":[{"count":1,"href":"https:\/\/zonaroja.com.mx\/index.php?rest_route=\/wp\/v2\/posts\/5359\/revisions"}],"predecessor-version":[{"id":5361,"href":"https:\/\/zonaroja.com.mx\/index.php?rest_route=\/wp\/v2\/posts\/5359\/revisions\/5361"}],"wp:featuredmedia":[{"embeddable":true,"href":"https:\/\/zonaroja.com.mx\/index.php?rest_route=\/wp\/v2\/media\/5360"}],"wp:attachment":[{"href":"https:\/\/zonaroja.com.mx\/index.php?rest_route=%2Fwp%2Fv2%2Fmedia&parent=5359"}],"wp:term":[{"taxonomy":"category","embeddable":true,"href":"https:\/\/zonaroja.com.mx\/index.php?rest_route=%2Fwp%2Fv2%2Fcategories&post=5359"},{"taxonomy":"post_tag","embeddable":true,"href":"https:\/\/zonaroja.com.mx\/index.php?rest_route=%2Fwp%2Fv2%2Ftags&post=5359"}],"curies":[{"name":"wp","href":"https:\/\/api.w.org\/{rel}","templated":true}]}}