{"id":53594,"date":"2023-04-04T23:19:40","date_gmt":"2023-04-05T04:19:40","guid":{"rendered":"http:\/\/www.zonaroja.com.mx\/?p=53594"},"modified":"2023-04-04T23:19:43","modified_gmt":"2023-04-05T04:19:43","slug":"martes-santo-sangriento-en-oaxaca-cinco-asesinados","status":"publish","type":"post","link":"https:\/\/zonaroja.com.mx\/?p=53594","title":{"rendered":"\u201cMartes Santo\u201d sangriento en Oaxaca: cinco asesinados"},"content":{"rendered":"\n<p>Redacci\u00f3n\/Zona Roja.<\/p>\n\n\n\n<p>Oaxaca de Ju\u00e1rez, Oax., a 4 de abril de 2023.- La ola criminal se intensific\u00f3&nbsp;este martes&nbsp;en Oaxaca y dej\u00f3 como saldo cinco personas asesinadas, todas ellas por disparos de arma de fuego, en tres hechos distintos.<\/p>\n\n\n\n<p>Esta noche, en el municipio de Huajuapan de Le\u00f3n fue ultimado a balazos un individuo, en la&nbsp;calle Narciso Mendoza&nbsp;esquina con P\u00edpila de la colonia San Isidro Poniente y hasta el momento se desconoce su identidad, as\u00ed como el m\u00f3vil del crimen.<\/p>\n\n\n\n<p>Horas antes, en ese mismo municipio pero en la colonia El Mirador, fue ultimado a balazos un individuo identificado como Uber R. R., de 35 a\u00f1os de edad, quien era taxista afiliado al Frente Nacional Ind\u00edgena Campesino (FNIC).<\/p>\n\n\n\n<p>Mientras que despu\u00e9s del mediod\u00eda, tres personas fueron acribilladas en el interior de un restaurante bar, en el municipio de Salina Cruz; una de las v\u00edctimas fue identificada como Salvador \u201cN\u201d, representante de la empresa Infraestructura y Energ\u00edas Renovables Layza S. A. de C. V.<\/p>\n\n\n\n<p>En este \u00faltimo caso, la Fiscal\u00eda General del Estado de Oaxaca dio a conocer que inici\u00f3 una carpeta de investigaci\u00f3n por el homicidio de tres hombres.&nbsp;<\/p>\n\n\n\n<p>A trav\u00e9s de la Vicefiscal\u00eda Regional del Istmo tom\u00f3 conocimiento del hecho y despleg\u00f3 un equipo multidisciplinario para llevar a cabo el levantamiento de los cuerpos para realizar las pruebas cient\u00edficas correspondientes.<\/p>\n","protected":false},"excerpt":{"rendered":"<p>Redacci\u00f3n\/Zona Roja. Oaxaca de Ju\u00e1rez, Oax., a 4 de abril de 2023.- La ola criminal&hellip;<\/p>\n","protected":false},"author":2,"featured_media":53593,"comment_status":"closed","ping_status":"open","sticky":false,"template":"","format":"standard","meta":{"_lmt_disableupdate":"","_lmt_disable":"","_jetpack_memberships_contains_paid_content":false,"footnotes":""},"categories":[109,51],"tags":[],"class_list":["post-53594","post","type-post","status-publish","format-standard","has-post-thumbnail","hentry","category-minuto-a-minuto","category-zona-roja"],"jetpack_featured_media_url":"https:\/\/zonaroja.com.mx\/wp-content\/uploads\/2023\/04\/Ejecutado-Huajuapan-de-Leon.jpg","jetpack_sharing_enabled":true,"_links":{"self":[{"href":"https:\/\/zonaroja.com.mx\/index.php?rest_route=\/wp\/v2\/posts\/53594","targetHints":{"allow":["GET"]}}],"collection":[{"href":"https:\/\/zonaroja.com.mx\/index.php?rest_route=\/wp\/v2\/posts"}],"about":[{"href":"https:\/\/zonaroja.com.mx\/index.php?rest_route=\/wp\/v2\/types\/post"}],"author":[{"embeddable":true,"href":"https:\/\/zonaroja.com.mx\/index.php?rest_route=\/wp\/v2\/users\/2"}],"replies":[{"embeddable":true,"href":"https:\/\/zonaroja.com.mx\/index.php?rest_route=%2Fwp%2Fv2%2Fcomments&post=53594"}],"version-history":[{"count":1,"href":"https:\/\/zonaroja.com.mx\/index.php?rest_route=\/wp\/v2\/posts\/53594\/revisions"}],"predecessor-version":[{"id":53595,"href":"https:\/\/zonaroja.com.mx\/index.php?rest_route=\/wp\/v2\/posts\/53594\/revisions\/53595"}],"wp:featuredmedia":[{"embeddable":true,"href":"https:\/\/zonaroja.com.mx\/index.php?rest_route=\/wp\/v2\/media\/53593"}],"wp:attachment":[{"href":"https:\/\/zonaroja.com.mx\/index.php?rest_route=%2Fwp%2Fv2%2Fmedia&parent=53594"}],"wp:term":[{"taxonomy":"category","embeddable":true,"href":"https:\/\/zonaroja.com.mx\/index.php?rest_route=%2Fwp%2Fv2%2Fcategories&post=53594"},{"taxonomy":"post_tag","embeddable":true,"href":"https:\/\/zonaroja.com.mx\/index.php?rest_route=%2Fwp%2Fv2%2Ftags&post=53594"}],"curies":[{"name":"wp","href":"https:\/\/api.w.org\/{rel}","templated":true}]}}