{"id":53596,"date":"2023-04-05T07:28:40","date_gmt":"2023-04-05T12:28:40","guid":{"rendered":"http:\/\/www.zonaroja.com.mx\/?p=53596"},"modified":"2023-04-05T07:39:33","modified_gmt":"2023-04-05T12:39:33","slug":"53596","status":"publish","type":"post","link":"https:\/\/zonaroja.com.mx\/?p=53596","title":{"rendered":"Hallan con vida al periodista presuntamente plagiado en Veracruz"},"content":{"rendered":"<p>Redacci\u00f3n\/Zona Roja Cdmx.<\/p>\n<p>Ciudad de M\u00e9xico, a 5 de abril de 2023.- El periodista Ricardo Villanueva fue localizado con vida este martes por la noche, en Veracruz, luego de que el lunes 3 abril se report\u00f3 que hab\u00eda sido privado de la libertad.<\/p>\n<p>La Comisi\u00f3n Estatal de Atenci\u00f3n y Protecci\u00f3n a Periodistas inform\u00f3, a trav\u00e9s de de un comunicado, que el periodista fue ubicado debido al operativo implementado desde el momento en que se supo que se encontraba ausente.<\/p>\n<p>\u201cLa Comisi\u00f3n Estatal para la Atenci\u00f3n y Protecci\u00f3n de los Periodistas (CEAPP) informa que fue localizado con vida el reportero Ricardo Villanueva Ake, quien hab\u00eda sido privado ilegalmente de la libertad el pasado lunes\u201d, se\u00f1ala en un bolet\u00edn la comisi\u00f3n<\/p>\n<p>\u201cTras los esfuerzos coordinados de este Organismo Aut\u00f3nomo, de la Secretar\u00eda de Seguridad P\u00fablica del Estado, del Mecanismo Federal de Protecci\u00f3n, de la Fiscal\u00eda General del Estado y de la Guardia Nacional, se logr\u00f3 la ubicaci\u00f3n con vida del comunicador pozarricense\u201d, indica<\/p>\n<p>A\u00f1ade que ya se establecieron las medidas de protecci\u00f3n as\u00ed como atenci\u00f3n m\u00e9dica de manera inmediata, debido a la situaci\u00f3n en que se encontraba al momento de ser rescatado.<\/p>\n<p>Sin dar n\u00fameros de personas que estuvieron involucradas en los hechos, la Ceapp inform\u00f3 que existen algunos detenidos debido a la privaci\u00f3n ilegal de la libertad del comunicador de Poza Rica.<\/p>\n<p>\u201cCabe mencionar que durante el operativo se lograron detenciones y aseguramientos gracias al trabajo de inteligencia y de campo\u201d, afirma.<\/p>\n<p>Esto luego que desde la noche del mismo lunes se implement\u00f3 en un operativo de b\u00fasqueda seg\u00fan informaron las autoridades estatales de Veracruz, en la que participaban todas las fuerzas de seguridad en conjunto.<\/p>\n<p>La Fiscal\u00eda General del Estado continuar\u00e1 con el trabajo de investigaci\u00f3n respecto a estos hechos, seg\u00fan indica la Ceapp.<\/p>\n<p>\u201cLas investigaciones al respecto contin\u00faan por parte de la FGE para esclarecer los hechos y dar con todos los responsables del hecho\u201d, se\u00f1ala.<\/p>\n<p>(Informaci\u00f3n de \u201cEl Financiero\u201d)<\/p>\n","protected":false},"excerpt":{"rendered":"<p>Redacci\u00f3n\/Zona Roja Cdmx. Ciudad de M\u00e9xico, a 5 de abril de 2023.- El periodista Ricardo&hellip;<\/p>\n","protected":false},"author":2,"featured_media":53559,"comment_status":"closed","ping_status":"open","sticky":false,"template":"","format":"standard","meta":{"_lmt_disableupdate":"","_lmt_disable":"","_jetpack_memberships_contains_paid_content":false,"footnotes":""},"categories":[109,47],"tags":[99],"class_list":["post-53596","post","type-post","status-publish","format-standard","has-post-thumbnail","hentry","category-minuto-a-minuto","category-zona-gris","tag-veracruz"],"jetpack_featured_media_url":"https:\/\/zonaroja.com.mx\/wp-content\/uploads\/2023\/04\/Periodista-Richard-Villa-Veracruz.jpeg","jetpack_sharing_enabled":true,"_links":{"self":[{"href":"https:\/\/zonaroja.com.mx\/index.php?rest_route=\/wp\/v2\/posts\/53596","targetHints":{"allow":["GET"]}}],"collection":[{"href":"https:\/\/zonaroja.com.mx\/index.php?rest_route=\/wp\/v2\/posts"}],"about":[{"href":"https:\/\/zonaroja.com.mx\/index.php?rest_route=\/wp\/v2\/types\/post"}],"author":[{"embeddable":true,"href":"https:\/\/zonaroja.com.mx\/index.php?rest_route=\/wp\/v2\/users\/2"}],"replies":[{"embeddable":true,"href":"https:\/\/zonaroja.com.mx\/index.php?rest_route=%2Fwp%2Fv2%2Fcomments&post=53596"}],"version-history":[{"count":2,"href":"https:\/\/zonaroja.com.mx\/index.php?rest_route=\/wp\/v2\/posts\/53596\/revisions"}],"predecessor-version":[{"id":53602,"href":"https:\/\/zonaroja.com.mx\/index.php?rest_route=\/wp\/v2\/posts\/53596\/revisions\/53602"}],"wp:featuredmedia":[{"embeddable":true,"href":"https:\/\/zonaroja.com.mx\/index.php?rest_route=\/wp\/v2\/media\/53559"}],"wp:attachment":[{"href":"https:\/\/zonaroja.com.mx\/index.php?rest_route=%2Fwp%2Fv2%2Fmedia&parent=53596"}],"wp:term":[{"taxonomy":"category","embeddable":true,"href":"https:\/\/zonaroja.com.mx\/index.php?rest_route=%2Fwp%2Fv2%2Fcategories&post=53596"},{"taxonomy":"post_tag","embeddable":true,"href":"https:\/\/zonaroja.com.mx\/index.php?rest_route=%2Fwp%2Fv2%2Ftags&post=53596"}],"curies":[{"name":"wp","href":"https:\/\/api.w.org\/{rel}","templated":true}]}}