{"id":53607,"date":"2023-04-05T09:55:01","date_gmt":"2023-04-05T14:55:01","guid":{"rendered":"http:\/\/www.zonaroja.com.mx\/?p=53607"},"modified":"2023-04-05T11:58:33","modified_gmt":"2023-04-05T16:58:33","slug":"53607","status":"publish","type":"post","link":"https:\/\/zonaroja.com.mx\/?p=53607","title":{"rendered":"Va Congreso de Oaxaca por tipificaci\u00f3n del delito de violencia obst\u00e9trica"},"content":{"rendered":"<p>Redacci\u00f3n\/Zona Roja.<\/p>\n<p>Oaxaca de Ju\u00e1rez, Oax., a 5 de abril de 2023.- La diputada Mariana Ben\u00edtez Tiburcio propuso ante el Congreso del Estado una reforma al C\u00f3digo Penal del Estado de Oaxaca, para tipificar la violencia obst\u00e9trica como delito y sancionar todo tipo de pr\u00e1cticas m\u00e9dicas cometidas en contra de&nbsp;las mujeres&nbsp;embarazadas al ser juzgadas, humilladas o lastimadas f\u00edsica y psicol\u00f3gicamente.<\/p>\n<p>La legisladora oaxaque\u00f1a argument\u00f3 que la violencia obst\u00e9trica ocurre cuando se realizan partos por&nbsp;ces\u00e1reas sin motivo, existiendo condiciones para realizar un parto de manera natural; adem\u00e1s de obligar a las mujeres a parir en posiciones que ponen en riesgo su integridad f\u00edsica.<\/p>\n<p>\u201cUn ejemplo de estos actos es la episiotom\u00eda que consiste en hacer una cirug\u00eda para ensanchar la abertura vaginal, que se forma por s\u00ed sola durante el parto. Esta acci\u00f3n practicada sin necesidad, sin anestesia y sin el consentimiento informado de la madre es realizada en un 30% de los partos en M\u00e9xico\u201d, destac\u00f3.<\/p>\n<p>La congresista inform\u00f3 que de acuerdo con datos de la Encuesta Nacional sobre la Din\u00e1mica de las Relaciones en los Hogares del INEGI (ENDIREH 2021), alrededor de 91 mil oaxaque\u00f1as se les ocult\u00f3 informaci\u00f3n y sufrieron los malos tratos, as\u00ed como expresiones denigrantes durante su embarazo, el parto y el puerperio.<\/p>\n<p>En ese sentido, la legisladora explic\u00f3 que las mujeres ind\u00edgenas o con discapacidad son quienes sufren mayormente discriminaci\u00f3n racial, bas\u00e1ndose en la creencia de que no son dignas de procrear hijos o que no est\u00e1n en condiciones de ser buenas madres o que simplemente no es aconsejable que tengan descendencia.<\/p>\n<p><a href=\"https:\/\/twitter.com\/ZonaRoja_Oaxaca\/status\/1643338231574831110?s=20\">https:\/\/twitter.com\/ZonaRoja_Oaxaca\/status\/1643338231574831110?s=20<\/a><\/p>\n<p>Ben\u00edtez Tiburcio detall\u00f3 que en Oaxaca la violencia obst\u00e9trica est\u00e1 reconocida en la Ley Estatal de Acceso de las Mujeres a una Vida Libre de Violencia como un tipo de violencia de g\u00e9nero que vulnera los derechos reproductivos, pero se encuentra catalogada dentro del delito de violencia familiar.<\/p>\n<p>\u201cPor tal raz\u00f3n, el delito de violencia familiar no puede ser cometido por el personal de los servicios de salud p\u00fablicos y privados. En consecuencia, podemos concluir que la violencia obst\u00e9trica no se encuentra tipificada como delito\u201d, resalt\u00f3.<\/p>\n<p>La legisladora sostuvo que con esta propuesta se busca castigar las pr\u00e1cticas m\u00e9dicas que aprovechan la situaci\u00f3n de vulnerabilidad de las mujeres para limitar su capacidad de decisi\u00f3n, violentando sus derechos a la libertad sexual y reproductiva.<\/p>\n<p>\u201cDesde este Congreso hago un llamado para que asumamos nuestro compromiso como representantes de las y los oaxaque\u00f1os; y promovamos legislaciones que dignifiquen la calidad humana, el respeto de autonom\u00eda y de decisi\u00f3n de las mujeres\u201d, a\u00f1adi\u00f3.<\/p>\n<p>Como parte de sus actividades legislativas, la diputada local Mariana Ben\u00edtez Tiburcio, tambi\u00e9n particip\u00f3 en el foro denominado \u201cInstancias Municipales de las Mujeres\u201d, donde exhort\u00f3 a las autoridades estatales a fortalecer a estos \u00f3rganos de atenci\u00f3n de la violencia contra las oaxaque\u00f1as; y colocarlas en el centro del eje transversal de perspectiva de g\u00e9nero en el Plan Estatal de Desarrollo 2022-2028.<\/p>\n","protected":false},"excerpt":{"rendered":"<p>Redacci\u00f3n\/Zona Roja. Oaxaca de Ju\u00e1rez, Oax., a 5 de abril de 2023.- La diputada Mariana&hellip;<\/p>\n","protected":false},"author":2,"featured_media":53609,"comment_status":"closed","ping_status":"open","sticky":false,"template":"","format":"standard","meta":{"_lmt_disableupdate":"","_lmt_disable":"","_jetpack_memberships_contains_paid_content":false,"footnotes":""},"categories":[109,46],"tags":[2969],"class_list":["post-53607","post","type-post","status-publish","format-standard","has-post-thumbnail","hentry","category-minuto-a-minuto","category-zona-blanca","tag-mariana-benitez-tiburcio"],"jetpack_featured_media_url":"https:\/\/zonaroja.com.mx\/wp-content\/uploads\/2023\/04\/Mariana-Benitez-propuesta-Congreso.jpg","jetpack_sharing_enabled":true,"_links":{"self":[{"href":"https:\/\/zonaroja.com.mx\/index.php?rest_route=\/wp\/v2\/posts\/53607","targetHints":{"allow":["GET"]}}],"collection":[{"href":"https:\/\/zonaroja.com.mx\/index.php?rest_route=\/wp\/v2\/posts"}],"about":[{"href":"https:\/\/zonaroja.com.mx\/index.php?rest_route=\/wp\/v2\/types\/post"}],"author":[{"embeddable":true,"href":"https:\/\/zonaroja.com.mx\/index.php?rest_route=\/wp\/v2\/users\/2"}],"replies":[{"embeddable":true,"href":"https:\/\/zonaroja.com.mx\/index.php?rest_route=%2Fwp%2Fv2%2Fcomments&post=53607"}],"version-history":[{"count":2,"href":"https:\/\/zonaroja.com.mx\/index.php?rest_route=\/wp\/v2\/posts\/53607\/revisions"}],"predecessor-version":[{"id":53622,"href":"https:\/\/zonaroja.com.mx\/index.php?rest_route=\/wp\/v2\/posts\/53607\/revisions\/53622"}],"wp:featuredmedia":[{"embeddable":true,"href":"https:\/\/zonaroja.com.mx\/index.php?rest_route=\/wp\/v2\/media\/53609"}],"wp:attachment":[{"href":"https:\/\/zonaroja.com.mx\/index.php?rest_route=%2Fwp%2Fv2%2Fmedia&parent=53607"}],"wp:term":[{"taxonomy":"category","embeddable":true,"href":"https:\/\/zonaroja.com.mx\/index.php?rest_route=%2Fwp%2Fv2%2Fcategories&post=53607"},{"taxonomy":"post_tag","embeddable":true,"href":"https:\/\/zonaroja.com.mx\/index.php?rest_route=%2Fwp%2Fv2%2Ftags&post=53607"}],"curies":[{"name":"wp","href":"https:\/\/api.w.org\/{rel}","templated":true}]}}