{"id":53611,"date":"2023-04-05T10:42:36","date_gmt":"2023-04-05T15:42:36","guid":{"rendered":"http:\/\/www.zonaroja.com.mx\/?p=53611"},"modified":"2023-04-05T12:45:08","modified_gmt":"2023-04-05T17:45:08","slug":"53611","status":"publish","type":"post","link":"https:\/\/zonaroja.com.mx\/?p=53611","title":{"rendered":"Encabeza Fiscal\u00eda reuni\u00f3n del Observatorio de Participaci\u00f3n Pol\u00edtica de las Mujeres"},"content":{"rendered":"<p>Redacci\u00f3n\/Zona Roja.<\/p>\n<p>Oaxaca de Ju\u00e1rez, Oax., a 5 de abril de 2023.- &nbsp;La Fiscal Especializada en Delitos Electorales, Esther Araceli Pinelo L\u00f3pez &#8211;en representaci\u00f3n del fiscal General, Bernardo Rodr\u00edguez Alamilla&#8211;, encabez\u00f3 la Primera Reuni\u00f3n Ordinaria 2023 del Observatorio de Participaci\u00f3n Pol\u00edtica de las Mujeres en Oaxaca (OPPMO).<\/p>\n<p>En este marco, se tom\u00f3 protesta a protesta a la Secretaria de las Mujeres del estado, Elisa Zepeda Lagunas como integrante Permanente y Vocal de dicho ente, adem\u00e1s de consensuarse modificaciones a los art\u00edculos 2, 3, 4, 12 y art\u00edculos transitorios del Reglamento para el Funcionamiento del OPPMO.<\/p>\n<p>En el encuentro, tambi\u00e9n se aprob\u00f3 el Plan de Trabajo, mismo que detalla los diagn\u00f3sticos, objetivos, l\u00edneas de acci\u00f3n, actividades y programas para procurar, vigilar y garantizar la participaci\u00f3n pol\u00edtica de las mujeres ind\u00edgenas y afromexicanas, observando la paridad y la progresividad de los derechos pol\u00edtico electorales de las mujeres.<\/p>\n<p>De la misma manera, el Observatorio se adhiri\u00f3 a la propuesta del \u00ab70 Aniversario del Voto de las Mujeres en M\u00e9xico\u00bb de Inmujeres-M\u00e9xico, plan que fue aprobado por unanimidad de votos por las integrantes permanentes.<\/p>\n<p>En esta sesi\u00f3n tambi\u00e9n estuvieron presentes: la presidenta del Tribunal Electoral del Estado de Oaxaca, Elizabeth Bautista Velasco; la Consejera Electoral del IEEPCO, Zaira Hip\u00f3lito L\u00f3pez, as\u00ed como la diputada Mariana Ben\u00edtez Tiburcio.<\/p>\n<p>La titular del Secretariado Ejecutivo del Sistema de Seguridad P\u00fablica, Karina Bar\u00f3n; la secretaria de Bienestar, Tequio e Inclusi\u00f3n del Estado de Oaxaca, Laura Estrada&nbsp; Mauro; adem\u00e1s de enlaces de la Defensor\u00eda de los Derechos Humanos del Pueblo de Oaxaca, de la Secretar\u00eda de Finanzas, del&nbsp; Instituto de Planeaci\u00f3n para el Bienestar, y las directoras del CEJUM, FEADAM y representantes de Partidos Pol\u00edticos PVEM, PRI y Movimiento&nbsp;Ciudadano.<\/p>\n","protected":false},"excerpt":{"rendered":"<p>Redacci\u00f3n\/Zona Roja. Oaxaca de Ju\u00e1rez, Oax., a 5 de abril de 2023.- &nbsp;La Fiscal Especializada&hellip;<\/p>\n","protected":false},"author":2,"featured_media":53608,"comment_status":"closed","ping_status":"open","sticky":false,"template":"","format":"standard","meta":{"_lmt_disableupdate":"","_lmt_disable":"","_jetpack_memberships_contains_paid_content":false,"footnotes":""},"categories":[109,46],"tags":[494],"class_list":["post-53611","post","type-post","status-publish","format-standard","has-post-thumbnail","hentry","category-minuto-a-minuto","category-zona-blanca","tag-fiscalia-general-del-estado-de-oaxaca"],"jetpack_featured_media_url":"https:\/\/zonaroja.com.mx\/wp-content\/uploads\/2023\/04\/4-abril-Encabeza-Fiscalia-Reunion-Ordinaria-del-Observatorio-de-Participacion-Politica-de-las-Mujeres-2.jpg","jetpack_sharing_enabled":true,"_links":{"self":[{"href":"https:\/\/zonaroja.com.mx\/index.php?rest_route=\/wp\/v2\/posts\/53611","targetHints":{"allow":["GET"]}}],"collection":[{"href":"https:\/\/zonaroja.com.mx\/index.php?rest_route=\/wp\/v2\/posts"}],"about":[{"href":"https:\/\/zonaroja.com.mx\/index.php?rest_route=\/wp\/v2\/types\/post"}],"author":[{"embeddable":true,"href":"https:\/\/zonaroja.com.mx\/index.php?rest_route=\/wp\/v2\/users\/2"}],"replies":[{"embeddable":true,"href":"https:\/\/zonaroja.com.mx\/index.php?rest_route=%2Fwp%2Fv2%2Fcomments&post=53611"}],"version-history":[{"count":2,"href":"https:\/\/zonaroja.com.mx\/index.php?rest_route=\/wp\/v2\/posts\/53611\/revisions"}],"predecessor-version":[{"id":53626,"href":"https:\/\/zonaroja.com.mx\/index.php?rest_route=\/wp\/v2\/posts\/53611\/revisions\/53626"}],"wp:featuredmedia":[{"embeddable":true,"href":"https:\/\/zonaroja.com.mx\/index.php?rest_route=\/wp\/v2\/media\/53608"}],"wp:attachment":[{"href":"https:\/\/zonaroja.com.mx\/index.php?rest_route=%2Fwp%2Fv2%2Fmedia&parent=53611"}],"wp:term":[{"taxonomy":"category","embeddable":true,"href":"https:\/\/zonaroja.com.mx\/index.php?rest_route=%2Fwp%2Fv2%2Fcategories&post=53611"},{"taxonomy":"post_tag","embeddable":true,"href":"https:\/\/zonaroja.com.mx\/index.php?rest_route=%2Fwp%2Fv2%2Ftags&post=53611"}],"curies":[{"name":"wp","href":"https:\/\/api.w.org\/{rel}","templated":true}]}}