{"id":53632,"date":"2023-04-05T19:44:20","date_gmt":"2023-04-06T00:44:20","guid":{"rendered":"http:\/\/www.zonaroja.com.mx\/?p=53632"},"modified":"2023-04-05T19:56:07","modified_gmt":"2023-04-06T00:56:07","slug":"53632","status":"publish","type":"post","link":"https:\/\/zonaroja.com.mx\/?p=53632","title":{"rendered":"Fracasa di\u00e1logo del IEEPO y normalistas seguir\u00e1n en \u201cplant\u00f3n\u201d en Semana Santa"},"content":{"rendered":"<p>Redacci\u00f3n\/Zona Roja.<\/p>\n<p>Oaxaca de Ju\u00e1rez, Oax., a 5 de abril de 2023.- Ante las deficientes respuestas y el fracaso del IEEPO en el di\u00e1logo, nos egresados de escuelas Normales de Oaxaca seguir\u00e1n en \u201cplant\u00f3n\u201d en el Centro Hist\u00f3rico de la capital.<\/p>\n<p>Desde el pasado 28 de enero iniciaron su protesta, con campamentos en la calle de Guerrero y en Armenta y L\u00f3pez, a una cuadra del z\u00f3calo, lapso en el cual han efectuado diversos actos vand\u00e1licos, dos de ellos contra el Palacio de Gobierno, para presionar a las autoridades.<\/p>\n<p>En las \u00faltimas dos semanas no han efectuado ninguna movilizaci\u00f3n, hasta la tarde de este mi\u00e9rcoles, en que en conferencia de prensa en el kiosco, anunciaron que continuar\u00e1n su lucha.<\/p>\n<p>\u201cEl Instituto Estatal de Educaci\u00f3n P\u00fablica de Oaxaca, en estos meses no ha dado respuesta real alguna a nuestras demandas de nuestro pliego petitorio; en esta parte, el IEEPO no ha emitido un proceso real en que nos considere como egresados normalistas.<\/p>\n<p>\u201cDando a entender su falta de capacidad para la resoluci\u00f3n de nuestros problemas. Por lo tanto, nos mantenemos en resistencia para conocer nuestro proceso, hasta que se nos d\u00e9 una contrataci\u00f3n del que seamos sabedores.<\/p>\n<p>La exigencia de los egresados normalistas es de m\u00e1s de 800 plazas de docentes, para los egresados de recientes generaciones de las 11 escuelas Normales del estado.<\/p>\n<p>En diversas ocasiones, el gobernador Salom\u00f3n Jara Cruz ha dicho que s\u00ed hay plazas, incluso alrededor de mil 600, pero todas sujetas al proceso federal; ha se\u00f1alado tambi\u00e9n que desde Polanco, donde se ubica la oficina del ex gobernador Jos\u00e9 Murat, se alienta la movilizaci\u00f3n de los egresados.<\/p>\n<p><a href=\"https:\/\/twitter.com\/ZonaRoja_Oaxaca\/status\/1643730237883285504?s=20\">https:\/\/twitter.com\/ZonaRoja_Oaxaca\/status\/1643730237883285504?s=20<\/a><\/p>\n","protected":false},"excerpt":{"rendered":"<p>Redacci\u00f3n\/Zona Roja. Oaxaca de Ju\u00e1rez, Oax., a 5 de abril de 2023.- Ante las deficientes&hellip;<\/p>\n","protected":false},"author":2,"featured_media":53634,"comment_status":"closed","ping_status":"open","sticky":false,"template":"","format":"standard","meta":{"_lmt_disableupdate":"","_lmt_disable":"","_jetpack_memberships_contains_paid_content":false,"footnotes":""},"categories":[109,47],"tags":[1916],"class_list":["post-53632","post","type-post","status-publish","format-standard","has-post-thumbnail","hentry","category-minuto-a-minuto","category-zona-gris","tag-protestas-estudiantes-normalistas-de-oaxaca"],"jetpack_featured_media_url":"https:\/\/zonaroja.com.mx\/wp-content\/uploads\/2023\/04\/Conferencia-normalistas-zocalo.jpg","jetpack_sharing_enabled":true,"_links":{"self":[{"href":"https:\/\/zonaroja.com.mx\/index.php?rest_route=\/wp\/v2\/posts\/53632","targetHints":{"allow":["GET"]}}],"collection":[{"href":"https:\/\/zonaroja.com.mx\/index.php?rest_route=\/wp\/v2\/posts"}],"about":[{"href":"https:\/\/zonaroja.com.mx\/index.php?rest_route=\/wp\/v2\/types\/post"}],"author":[{"embeddable":true,"href":"https:\/\/zonaroja.com.mx\/index.php?rest_route=\/wp\/v2\/users\/2"}],"replies":[{"embeddable":true,"href":"https:\/\/zonaroja.com.mx\/index.php?rest_route=%2Fwp%2Fv2%2Fcomments&post=53632"}],"version-history":[{"count":2,"href":"https:\/\/zonaroja.com.mx\/index.php?rest_route=\/wp\/v2\/posts\/53632\/revisions"}],"predecessor-version":[{"id":53638,"href":"https:\/\/zonaroja.com.mx\/index.php?rest_route=\/wp\/v2\/posts\/53632\/revisions\/53638"}],"wp:featuredmedia":[{"embeddable":true,"href":"https:\/\/zonaroja.com.mx\/index.php?rest_route=\/wp\/v2\/media\/53634"}],"wp:attachment":[{"href":"https:\/\/zonaroja.com.mx\/index.php?rest_route=%2Fwp%2Fv2%2Fmedia&parent=53632"}],"wp:term":[{"taxonomy":"category","embeddable":true,"href":"https:\/\/zonaroja.com.mx\/index.php?rest_route=%2Fwp%2Fv2%2Fcategories&post=53632"},{"taxonomy":"post_tag","embeddable":true,"href":"https:\/\/zonaroja.com.mx\/index.php?rest_route=%2Fwp%2Fv2%2Ftags&post=53632"}],"curies":[{"name":"wp","href":"https:\/\/api.w.org\/{rel}","templated":true}]}}