{"id":53640,"date":"2023-04-05T22:32:29","date_gmt":"2023-04-06T03:32:29","guid":{"rendered":"http:\/\/www.zonaroja.com.mx\/?p=53640"},"modified":"2023-04-05T22:33:05","modified_gmt":"2023-04-06T03:33:05","slug":"53640","status":"publish","type":"post","link":"https:\/\/zonaroja.com.mx\/?p=53640","title":{"rendered":"Opini\u00f3n. Oaxaca m\u00e1gico"},"content":{"rendered":"<p>N\u00e9stor Y. S\u00e1nchez Islas<\/p>\n<p>Papel picado, colores chillantes, m\u00fasica de banda, vestimenta folcl\u00f3rica y cuetes no convierten en m\u00e1gico a un lugar, puede ser, quiz\u00e1, la manera en que alg\u00fan pol\u00edtico oculte el fracaso de su gesti\u00f3n. El viejo m\u00e9todo del \u201cpan y circo\u201d sigue vigente para distraer de los verdaderos problemas de la ciudad.<\/p>\n<p>Mas all\u00e1 del centro hist\u00f3rico, la capital es un desastre. No es responsabilidad absoluta del edil actual, es la suma de a\u00f1os de malas pol\u00edticas p\u00fablicas, algunas de ellas herencia directa del populismo echeverrista. Las instituciones p\u00fablicas, como son la UABJO y el ayuntamiento capitalino, dejaron de estar al servicio de la gente y&nbsp;la&nbsp;ciudad para someterse al dominio del sindicalismo loco promovido por aquel&nbsp;mesi\u00e1nico&nbsp;que gobern\u00f3 al pa\u00eds en los a\u00f1os 70.<\/p>\n<p>La autoridad municipal se ha reducido en la misma proporci\u00f3n que han crecido los poderes f\u00e1cticos. La ciudad es agredida desde dentro del municipio y desde el exterior. Es notorio que hay zonas en que no gobierna la autoridad electa sino la impuesta por medio de la violencia.<\/p>\n<p>Corrupci\u00f3n, cinismo e ineficiencia brotan por todos lados. El robo de veh\u00edculos bajo resguardo municipal, la funcionaria que vende permisos para talar \u00e1rboles, los regidores que manipulan permisos para&nbsp;ambulantes o,&nbsp;peor&nbsp;a\u00fan,&nbsp;funcionarios que&nbsp;organizan&nbsp;supuestas ferias artesanales o gastron\u00f3micas tradicionales que no son m\u00e1s que un descarado negocio que&nbsp;ocupa espacios p\u00fablicos, los destruye y afecta los derechos de vecinos y comercios establecidos.<\/p>\n<p>Grave problema son los ambulantes. Dejaron de serlo hace mucho tiempo y se convirtieron en permanentes, se apropiaron del espacio p\u00fablico con fines meramente privados y mercantiles. Las mujeres triquis que por doce a\u00f1os se apoderaron del portal del palacio de gobierno son el ejemplo did\u00e1ctico de como ejercer el chantaje. Con el dinero que&nbsp;recibieron&nbsp;durante a\u00f1os, los millones de pesos que han vendido&nbsp;de textiles&nbsp;producto&nbsp;de la explotaci\u00f3n de ellas mismas&nbsp;les alcanza y sobra para rentar cualquier local del centro. No se les debe dar nada, mucho menos a costa del raqu\u00edtico erario municipal que no tiene ni para continuar con el programa de bacheo.<\/p>\n<p>La ciudad atraviesa con estoicismo su viacrucis.&nbsp;La anual ola de calor con su apocal\u00edptica sequ\u00eda, el desorden y caos cotidiano, la inseguridad o el cobro de piso a manos del crimen organizado son algunos de los clavos que nos crucifican. Y nada de esto se resuelve con superficialidades m\u00e1gicas de la Secretar\u00eda de Turismo federal, celebrada con bombo y platillo por las autoridades estatales y municipales.<\/p>\n<p>El otorgamiento a Jalatlaco de tal denominaci\u00f3n provoc\u00f3 reacciones en las redes sociales. Sin mirar&nbsp;m\u00e1s all\u00e1 del folclorismo, mucha gente celebr\u00f3. Para quienes pueden ver que esto&nbsp;tensa&nbsp;m\u00e1s la liga de los conflictos sociales en Oaxaca, la medida es equivocada.<\/p>\n<p>La ciudad es nuestra zona de convivencia y expresi\u00f3n. Antiguamente fue el z\u00f3calo capitalino en donde se daba la convivencia. Nunca juntos pobres y ricos, pero en el&nbsp;mismo espacio. La creaci\u00f3n de estos barrios m\u00e1gicos aumenta el fen\u00f3meno de la gentrificaci\u00f3n, la gourmetizaci\u00f3n y la&nbsp;nociva&nbsp;\u201cturistizaci\u00f3n\u201d.<\/p>\n<p>Los pol\u00edticos solo buscan efectos a corto plazo. Les urge la foto en la prensa y el video en TV y redes sociales. La sonrisa y amabilidad con que muestran en este clase de eventos oculta la triste realidad: la creaci\u00f3n de desplazados dentro de su propia ciudad.<\/p>\n<p>Esos oaxaque\u00f1os excedentes, convertidos en parias por no tener ni la apariencia ni la capacidad econ\u00f3mica de los turistas no ser\u00e1n bien vistos en esos barrios. El sentido de pertenencia e identificaci\u00f3n se romper\u00e1 en alg\u00fan momento. Si no van en condici\u00f3n de empleados de alg\u00fan caro restaurante u hotel, no ser\u00e1n bien&nbsp;recibidos.<\/p>\n<p>El ayuntamiento es el gran responsable de esta tensi\u00f3n social.&nbsp;Por corrupci\u00f3n,&nbsp;presiones pol\u00edticas, econ\u00f3micas o intereses personales, han ido torciendo el uso de suelo para dar permisos que nunca debieron haber sido autorizados. En su l\u00f3gica, ellos est\u00e1n fomentando la actividad econ\u00f3mica, en los hechos, est\u00e1n provocando resentimientos sociales que est\u00e1n abonando al crecimiento de la fobia al turista.<\/p>\n<p>Ignorar&nbsp;lo social en la b\u00fasqueda del ut\u00f3pico desarrollo econ\u00f3mico es un error&nbsp;de gobierno. Quitar atenci\u00f3n a las zonas perif\u00e9ricas para concentrarse en peque\u00f1os corredores tur\u00edsticos tiene un alto costo social&nbsp;que lo pagamos en drogadicci\u00f3n, alcoholismo,&nbsp;delincuencia&nbsp;y abusos policiacos.<\/p>\n<p>El gobierno debe responder preguntas.&nbsp;\u00bfQui\u00e9n va a mejorar su econom\u00eda, quien se quedar\u00e1 con las ganancias?&nbsp;Mas all\u00e1 del folclor,&nbsp;\u00bfC\u00f3mo atender\u00e1n los despojos, desplazamientos o desalojos que la gentrificaci\u00f3n produce?&nbsp;En cuanto a servicios \u00bfC\u00f3mo atender\u00e1n el aumento de demanda de agua&nbsp;y los desechos generados?&nbsp;En cuanto a la cultura \u00bfC\u00f3mo evitar\u00e1n la monopolizaci\u00f3n de \u00e9sta en manos de empresarios tur\u00edsticos?<\/p>\n<p>El ayuntamiento debe volver a estar al servicio de la ciudad,&nbsp;eso s\u00ed ser\u00eda m\u00e1gico.<\/p>\n<p>nestoryuri@yahoo.com<\/p>\n","protected":false},"excerpt":{"rendered":"<p>N\u00e9stor Y. S\u00e1nchez Islas Papel picado, colores chillantes, m\u00fasica de banda, vestimenta folcl\u00f3rica y cuetes&hellip;<\/p>\n","protected":false},"author":2,"featured_media":41861,"comment_status":"closed","ping_status":"open","sticky":false,"template":"","format":"standard","meta":{"_lmt_disableupdate":"","_lmt_disable":"","_jetpack_memberships_contains_paid_content":false,"footnotes":""},"categories":[456,109],"tags":[3050],"class_list":["post-53640","post","type-post","status-publish","format-standard","has-post-thumbnail","hentry","category-columna","category-minuto-a-minuto","tag-nestor-yuri-sanchez"],"jetpack_featured_media_url":"https:\/\/zonaroja.com.mx\/wp-content\/uploads\/2022\/05\/Opinion-Nestor-Yuri-Sanchez-Islas.jpg","jetpack_sharing_enabled":true,"_links":{"self":[{"href":"https:\/\/zonaroja.com.mx\/index.php?rest_route=\/wp\/v2\/posts\/53640","targetHints":{"allow":["GET"]}}],"collection":[{"href":"https:\/\/zonaroja.com.mx\/index.php?rest_route=\/wp\/v2\/posts"}],"about":[{"href":"https:\/\/zonaroja.com.mx\/index.php?rest_route=\/wp\/v2\/types\/post"}],"author":[{"embeddable":true,"href":"https:\/\/zonaroja.com.mx\/index.php?rest_route=\/wp\/v2\/users\/2"}],"replies":[{"embeddable":true,"href":"https:\/\/zonaroja.com.mx\/index.php?rest_route=%2Fwp%2Fv2%2Fcomments&post=53640"}],"version-history":[{"count":2,"href":"https:\/\/zonaroja.com.mx\/index.php?rest_route=\/wp\/v2\/posts\/53640\/revisions"}],"predecessor-version":[{"id":53642,"href":"https:\/\/zonaroja.com.mx\/index.php?rest_route=\/wp\/v2\/posts\/53640\/revisions\/53642"}],"wp:featuredmedia":[{"embeddable":true,"href":"https:\/\/zonaroja.com.mx\/index.php?rest_route=\/wp\/v2\/media\/41861"}],"wp:attachment":[{"href":"https:\/\/zonaroja.com.mx\/index.php?rest_route=%2Fwp%2Fv2%2Fmedia&parent=53640"}],"wp:term":[{"taxonomy":"category","embeddable":true,"href":"https:\/\/zonaroja.com.mx\/index.php?rest_route=%2Fwp%2Fv2%2Fcategories&post=53640"},{"taxonomy":"post_tag","embeddable":true,"href":"https:\/\/zonaroja.com.mx\/index.php?rest_route=%2Fwp%2Fv2%2Ftags&post=53640"}],"curies":[{"name":"wp","href":"https:\/\/api.w.org\/{rel}","templated":true}]}}