{"id":53647,"date":"2023-04-06T08:46:16","date_gmt":"2023-04-06T13:46:16","guid":{"rendered":"http:\/\/www.zonaroja.com.mx\/?p=53647"},"modified":"2023-04-06T09:01:15","modified_gmt":"2023-04-06T14:01:15","slug":"53647","status":"publish","type":"post","link":"https:\/\/zonaroja.com.mx\/?p=53647","title":{"rendered":"El sentido adi\u00f3s de los cuatro peque\u00f1os basquetbolista accidentados en Oaxaca"},"content":{"rendered":"<p>Redacci\u00f3n\/Zona Roja Cdmx.<\/p>\n<p>Ciudad de M\u00e9xico, a 6 de abril de 2023.- Un brutal accidente automovil\u00edstico acab\u00f3 con la vida de los peque\u00f1os basquetbolistas Alex, Ubaldo, Vale y Daniel, quienes con emoci\u00f3n y grandes expectativas viajaron el pasado domingo 2 de abril a un torneo del deporte que les apasionaba, cuando sus vidas se vieron apagadas al momento en que una camioneta Ranger choc\u00f3 de frente contra\u00a0la Urvan en la que viajaban sobre la autopista\u00a0Oaxaca-Cuacnopalan.<\/p>\n<p>Los hechos ocurrieron sobre el tramo\u00a0San Pablo Huitzo-Asunci\u00f3n Nochixtl\u00e1n, aproximadamente cinco kil\u00f3metros despu\u00e9s de la caseta de Huitzo y tras este siniestro, se registr\u00f3 un saldo de 13 personas que perdieron la vida \u2014una m\u00e1s posteriormente en un hospital\u2014, entre ellas, quienes iban en el veh\u00edculo que habr\u00eda ocasionado el accidente, as\u00ed como los menores de edad, su mam\u00e1 y su abuela materna,\u00a0quienes acompa\u00f1aban a los hermanitos Morales Quiroz al torneo que se realizar\u00eda en Oaxaca.<\/p>\n<p>Alex, Ubaldo, Vale y Daniel de 12, 9, 10 y 7 a\u00f1os, respectivamente, viajaban a Oaxaca para participar en un torneo de basquetbol lo cual,\u00a0lamentablemente, ya no pudo ser posible, pues en el accidente automovil\u00edstico, tambi\u00e9n muri\u00f3 su mam\u00e1, Daniela Quiroz, as\u00ed como Jovita, su abuela materna. Por petici\u00f3n de los familiares de las v\u00edctimas, sus restos se quedaron en Oaxaca, de donde eran originarios.<\/p>\n<p>Fue as\u00ed como\u00a0la Escuela Formativa de Baloncesto Valle de Chalco, en donde entrenaban los hermanitos, les realiz\u00f3 una misa para honrar sus memorias, ya que no podr\u00edan asistir a su funeral.<span class=\"Apple-converted-space\">\u00a0<\/span><\/p>\n<p>Entre globos blancos, veladoras y rezos, los menores de edad y las adultas que murieron en el accidente fueron despedidos por sus compa\u00f1eros, amigos, seres queridos y entrenadores.<\/p>\n<p><a href=\"https:\/\/twitter.com\/ZonaRoja_Oaxaca\/status\/1643797925787475975?s=20\">https:\/\/twitter.com\/ZonaRoja_Oaxaca\/status\/1643797925787475975?s=20<\/a><\/p>\n<p>El emotivo momento fue compartido por la escuela de baloncesto en sus redes sociales, la cual acompa\u00f1\u00f3 el video con un mensaje dirigido a los peque\u00f1os:\u00a0\u00abEscuela Formativa despide a los alumnos: Valeria,\u00a0Ubaldo, Daniel y\u00a0Alexander que ya van por otro camino distinto, y que desde el cielo jugar\u00e1n con nosotros y en el coraz\u00f3n de cada uno de los que estuvieron con ellos. No nos despedimos, sino hasta pronto\u00bb.<\/p>\n<p>La\u00a0Ademeba Estado de M\u00e9xico Pro Baloncesto OPBEM fue la encargada de confirmar la muerte de los hermanos Morales Quiroz que formaban parte del equipo \u00abPanteras\u00bb,\u00a0a trav\u00e9s de redes sociales se public\u00f3 el siguiente mensaje: \u00abAdemeba Edomex se une a la pena que embarga a la Escuela Formativa Panteras Valle de Chalco ante esta inesperada tragedia.<span class=\"Apple-converted-space\">\u00a0<\/span><\/p>\n<p>\u201cQue descansen en paz, familia Morales Quiroz\u00bb y se mostraron las fotograf\u00edas de los peque\u00f1os portando sus uniformes, Alex era el n\u00famero 39, Ubaldo el 38, Vale era tambi\u00e9n la 39 y el m\u00e1s peque\u00f1o, Daniel, era el 31.<\/p>\n<p>De igual forma, a trav\u00e9s de redes sociales, los familiares de las v\u00edctimas compartieron algunas fotos record\u00e1ndolo a lo peque\u00f1os basquetbolistas, as\u00ed como a su mam\u00e1 y abuela de ellos.<span class=\"Apple-converted-space\">\u00a0<\/span><\/p>\n<p>En una de las im\u00e1genes se ve un panorama desgarrador, cuatro ata\u00fades blancos y dos color caf\u00e9, en donde ahora descansa la familia. Encima de cada uno\u00a0de ellos, se coloc\u00f3 un bal\u00f3n de baloncesto como s\u00edmbolo de la gran\u00a0afici\u00f3n de los j\u00f3venes jugadores.<\/p>\n<p>Por otro lado, en\u00a0uno de los mensajes publicados por sus seres queridos en redes sociales, se lee: \u00abCuando la muerte de un ser querido te sorprende, duele en gran manera, pero en estos momentos donde se llev\u00f3 a todos, no sabes que pensar s\u00f3lo quieres llorar y no saber m\u00e1s. Amiga Flor Quiroz Pacheco, Daniela Quiroz Agueda, mis ni\u00f1os bellos Dany, Alexis, Ubaldo, Valeria, DIOS LOS TENGA EN SU SANTA GLORIA.\u00a0Siempre ser\u00e1n mi familia.\u00a0Los voy a extra\u00f1ar\u201d.<\/p>\n<p>(Informaci\u00f3n de \u201cEl Heraldo de M\u00e9xico\u201d)<\/p>\n","protected":false},"excerpt":{"rendered":"<p>Redacci\u00f3n\/Zona Roja Cdmx. Ciudad de M\u00e9xico, a 6 de abril de 2023.- Un brutal accidente&hellip;<\/p>\n","protected":false},"author":2,"featured_media":53648,"comment_status":"closed","ping_status":"open","sticky":false,"template":"","format":"standard","meta":{"_lmt_disableupdate":"","_lmt_disable":"","_jetpack_memberships_contains_paid_content":false,"footnotes":""},"categories":[109,47],"tags":[676],"class_list":["post-53647","post","type-post","status-publish","format-standard","has-post-thumbnail","hentry","category-minuto-a-minuto","category-zona-gris","tag-accidente-supercarretera-oaxaca-cuacnopalan"],"jetpack_featured_media_url":"https:\/\/zonaroja.com.mx\/wp-content\/uploads\/2023\/04\/Ninos-basquetbolistas-Edomex-accidente-Oaxaca.jpeg","jetpack_sharing_enabled":true,"_links":{"self":[{"href":"https:\/\/zonaroja.com.mx\/index.php?rest_route=\/wp\/v2\/posts\/53647","targetHints":{"allow":["GET"]}}],"collection":[{"href":"https:\/\/zonaroja.com.mx\/index.php?rest_route=\/wp\/v2\/posts"}],"about":[{"href":"https:\/\/zonaroja.com.mx\/index.php?rest_route=\/wp\/v2\/types\/post"}],"author":[{"embeddable":true,"href":"https:\/\/zonaroja.com.mx\/index.php?rest_route=\/wp\/v2\/users\/2"}],"replies":[{"embeddable":true,"href":"https:\/\/zonaroja.com.mx\/index.php?rest_route=%2Fwp%2Fv2%2Fcomments&post=53647"}],"version-history":[{"count":4,"href":"https:\/\/zonaroja.com.mx\/index.php?rest_route=\/wp\/v2\/posts\/53647\/revisions"}],"predecessor-version":[{"id":53659,"href":"https:\/\/zonaroja.com.mx\/index.php?rest_route=\/wp\/v2\/posts\/53647\/revisions\/53659"}],"wp:featuredmedia":[{"embeddable":true,"href":"https:\/\/zonaroja.com.mx\/index.php?rest_route=\/wp\/v2\/media\/53648"}],"wp:attachment":[{"href":"https:\/\/zonaroja.com.mx\/index.php?rest_route=%2Fwp%2Fv2%2Fmedia&parent=53647"}],"wp:term":[{"taxonomy":"category","embeddable":true,"href":"https:\/\/zonaroja.com.mx\/index.php?rest_route=%2Fwp%2Fv2%2Fcategories&post=53647"},{"taxonomy":"post_tag","embeddable":true,"href":"https:\/\/zonaroja.com.mx\/index.php?rest_route=%2Fwp%2Fv2%2Ftags&post=53647"}],"curies":[{"name":"wp","href":"https:\/\/api.w.org\/{rel}","templated":true}]}}