{"id":5365,"date":"2019-11-02T16:16:39","date_gmt":"2019-11-02T22:16:39","guid":{"rendered":"http:\/\/www.zonaroja.com.mx\/?p=5365"},"modified":"2019-11-02T16:16:42","modified_gmt":"2019-11-02T22:16:42","slug":"presidente-municipal-de-jalapa-de-diaz-asegura-que-fue-preso-politico","status":"publish","type":"post","link":"https:\/\/zonaroja.com.mx\/?p=5365","title":{"rendered":"Presidente municipal de Jalapa de D\u00edaz asegura que fue preso pol\u00edtico"},"content":{"rendered":"\n<p>Redacci\u00f3n\/Zona\nRoja.<\/p>\n\n\n\n<p>Oaxaca de\nJu\u00e1rez, Oax., 2 de noviembre de 2019.- Luego de obtener su liberaci\u00f3n la\nmadrugada de este viernes, el edil de Jalapa de D\u00edaz, Arturo Garc\u00eda Vel\u00e1squez,\nasegur\u00f3 que no es delincuente como lo quisieron hacer creer las autoridades\nestatales, principalmente la Fiscal\u00eda General de Justicia de Oaxaca, a la par\nque lament\u00f3 ser un caso m\u00e1s de \u201cpresos pol\u00edticos\u201d.<\/p>\n\n\n\n<p>\u201cHoy nos\nunimos en una causa noble, que fue la de no permitir m\u00e1s casos pol\u00edticos, m\u00e1s\npresos pol\u00edticos como lo fui yo desafortunadamente, yo soy un caso viviente de\nlo mismo\u201d, dijo en un video que comparti\u00f3 en redes sociales.<\/p>\n\n\n\n<p>Asegur\u00f3 que fue atacado y v\u00edctima de situaciones at\u00edpicas para muchos pol\u00edticos, a la par que reconoci\u00f3 la uni\u00f3n de muchas personas para no permitir m\u00e1s presos pol\u00edticos como lo fue \u00e9l.<\/p>\n\n\n\n<figure class=\"wp-block-embed-twitter wp-block-embed is-type-rich is-provider-twitter\"><div class=\"wp-block-embed__wrapper\">\n<div class=\"twitter-tweet\"><blockquote class=\"twitter-tweet\" data-lang=\"es\"><p lang=\"es\" dir=\"ltr\">\u201cHe sido atacado, he sido objeto de diversas situaciones at\u00edpicas para muchos pol\u00edticos\u2026 No soy un delincuente, nunca lo he sido, nunca lo ser\u00e9\u201d, dijo el edil de Jalapa de D\u00edaz, Arturo Garc\u00eda Vel\u00e1squez, tras obtener su libertad y agradecer a quienes lo apoyaron. <a href=\"https:\/\/t.co\/7qVEifUF4T\">pic.twitter.com\/7qVEifUF4T<\/a><\/p>&mdash; Zona Roja Oaxaca (@MexRoja) <a href=\"https:\/\/twitter.com\/MexRoja\/status\/1190660827117969411?ref_src=twsrc%5Etfw\">2 de noviembre de 2019<\/a><\/blockquote><\/div>\n<\/div><\/figure>\n\n\n\n<p>\u201cHe sido\natacado y he sido objeto de diversas situaciones at\u00edpicas para muchos pol\u00edticos\ny me es el momento muy grato para agradecerle a todas las personas que creyeron\nen m\u00ed, les agradezco de coraz\u00f3n\u201d, refiri\u00f3 el edil surgido del Partido Morena y\nquien gobierna Jalapa por segundo trienio consecutivo.<\/p>\n\n\n\n<p>Garc\u00eda\nVel\u00e1squez insisti\u00f3 en que no es un delincuente y por el contrario fueron\nsituaciones at\u00edpicas para cualquier pol\u00edtico oaxaque\u00f1a, las que lo llevaron a\nprisi\u00f3n de forma injustificada.<\/p>\n\n\n\n<p>\u201cQuiero\naclararles a todos ustedes que yo no soy un delincuente, nunca lo he sido y\nnunca lo ser\u00e9, tengo valores muy firmes sembrados desde el seno familiar y eso\nme ha ayudado siempre a mantener los pies sobre la tierra\u201d.<\/p>\n\n\n\n<p>La\nabsoluci\u00f3n de Arturo Garc\u00eda Vel\u00e1squez se dio luego de que un juez de control\nfederal resolviera el jueves que la orden de cateo librada por un juez del\nfuero com\u00fan careciera de elementos que la justificaran y, por lo tanto, la\ndetenci\u00f3n realizada por elementos de la Agencia Estatal de Investigaciones fue\nilegal.<\/p>\n\n\n\n<p>Por lo\nanterior el senador de la Rep\u00fablica, Salom\u00f3n Jara, anunci\u00f3 que interpondr\u00e1n las\ndenuncias penales que correspondan e incluso planteo la posibilidad de promover\nun juicio pol\u00edtico contra el fiscal General del Estado, Rub\u00e9n Vasconcelos\nM\u00e9ndez, ya que asegur\u00f3 que nadie est\u00e1 fuera ni por encima de la ley.<\/p>\n","protected":false},"excerpt":{"rendered":"<p>Redacci\u00f3n\/Zona Roja. Oaxaca de Ju\u00e1rez, Oax., 2 de noviembre de 2019.- Luego de obtener su&hellip;<\/p>\n","protected":false},"author":2,"featured_media":5303,"comment_status":"closed","ping_status":"open","sticky":false,"template":"","format":"standard","meta":{"_lmt_disableupdate":"","_lmt_disable":"","_jetpack_memberships_contains_paid_content":false,"footnotes":""},"categories":[109,47],"tags":[930,580],"class_list":["post-5365","post","type-post","status-publish","format-standard","has-post-thumbnail","hentry","category-minuto-a-minuto","category-zona-gris","tag-arturo-garcia-velasquez","tag-san-felipe-jalapa-de-diaz"],"jetpack_featured_media_url":"https:\/\/zonaroja.com.mx\/wp-content\/uploads\/2019\/10\/IMG_4320.jpg","jetpack_sharing_enabled":true,"_links":{"self":[{"href":"https:\/\/zonaroja.com.mx\/index.php?rest_route=\/wp\/v2\/posts\/5365","targetHints":{"allow":["GET"]}}],"collection":[{"href":"https:\/\/zonaroja.com.mx\/index.php?rest_route=\/wp\/v2\/posts"}],"about":[{"href":"https:\/\/zonaroja.com.mx\/index.php?rest_route=\/wp\/v2\/types\/post"}],"author":[{"embeddable":true,"href":"https:\/\/zonaroja.com.mx\/index.php?rest_route=\/wp\/v2\/users\/2"}],"replies":[{"embeddable":true,"href":"https:\/\/zonaroja.com.mx\/index.php?rest_route=%2Fwp%2Fv2%2Fcomments&post=5365"}],"version-history":[{"count":1,"href":"https:\/\/zonaroja.com.mx\/index.php?rest_route=\/wp\/v2\/posts\/5365\/revisions"}],"predecessor-version":[{"id":5366,"href":"https:\/\/zonaroja.com.mx\/index.php?rest_route=\/wp\/v2\/posts\/5365\/revisions\/5366"}],"wp:featuredmedia":[{"embeddable":true,"href":"https:\/\/zonaroja.com.mx\/index.php?rest_route=\/wp\/v2\/media\/5303"}],"wp:attachment":[{"href":"https:\/\/zonaroja.com.mx\/index.php?rest_route=%2Fwp%2Fv2%2Fmedia&parent=5365"}],"wp:term":[{"taxonomy":"category","embeddable":true,"href":"https:\/\/zonaroja.com.mx\/index.php?rest_route=%2Fwp%2Fv2%2Fcategories&post=5365"},{"taxonomy":"post_tag","embeddable":true,"href":"https:\/\/zonaroja.com.mx\/index.php?rest_route=%2Fwp%2Fv2%2Ftags&post=5365"}],"curies":[{"name":"wp","href":"https:\/\/api.w.org\/{rel}","templated":true}]}}