{"id":53650,"date":"2023-04-06T08:25:28","date_gmt":"2023-04-06T13:25:28","guid":{"rendered":"http:\/\/www.zonaroja.com.mx\/?p=53650"},"modified":"2023-04-06T08:27:26","modified_gmt":"2023-04-06T13:27:26","slug":"53650","status":"publish","type":"post","link":"https:\/\/zonaroja.com.mx\/?p=53650","title":{"rendered":"Latente, el riesgo de violencia en Atitl\u00e1n, advierte DDHPO; expulsaron a familias"},"content":{"rendered":"<p>Redacci\u00f3n\/Zona Roja.<\/p>\n<p>Oaxaca de Ju\u00e1rez, Oax., a 6 de abril de 2023.- Ante la escasa atenci\u00f3n por parte de la Secretar\u00eda de Gobierno de Oaxaca, el conflicto interno en Santiago Atitl\u00e1n se agrava y podr\u00eda escalar, advirti\u00f3 la Defensor\u00eda de los Derechos Humanos del Pueblo de Oaxaca (DDHPO).<\/p>\n<p>Apenas el pasado 3 de abril, un grupo de personas con la autodenominaba autoridad comunitaria, expuls\u00f3 de manera violenta entre 30 y 40 personas, entre adultos, mujeres y ni\u00f1os, de la localidad de Santa Cruz.<\/p>\n<p>Debido a la posibilidad que se llegue a producir da\u00f1os de dif\u00edcil o imposible reparaci\u00f3n en detrimento de los derechos humanos de las personas que habitan esa poblaci\u00f3n y sus agencias municipales, la DDHPO&nbsp;emiti\u00f3&nbsp;una Alerta Temprana &nbsp;en la que solicit\u00f3 una atenci\u00f3n integral y efectiva del Estado.<\/p>\n<p>En un comunicado, la instituci\u00f3n que encabeza Elizabeth Lara Rodr\u00edguez &nbsp;explic\u00f3 que han documentado que la conflictividad en Santiago Atitl\u00e1n ha ido en aumento, adem\u00e1s que en el cuaderno de antecedentes DDHPO\/CA\/0056\/(14)\/OAX\/2023, y su acumulado DDHPO\/CA\/0078\/(14)\/OAX\/2023, registr\u00f3 que se ha limitado el goce de derechos como al libre tr\u00e1nsito a la legalidad, a la integridad personal, as\u00ed como el derecho a la educaci\u00f3n, pues las clases han estado suspendidas a consecuencia de los hechos de violencia.<\/p>\n<p>Detall\u00f3 que tuvo conocimiento que el 3 de abril pasado, un grupo de personas que se autonombra como autoridades municipales acudieron a la localidad de Santa Cruz y expulsaron de sus domicilios a aproximadamente 30 o 40 personas entre hombres, mujeres, ni\u00f1as y ni\u00f1os del&nbsp; Rancho Ardilla como de Agua Ca\u00f1ada a quienes les fueron violados sus derechos al privarles de su libertad y en algunos casos lesionados.<\/p>\n<p>La instituci\u00f3n aut\u00f3noma advirti\u00f3 que se puedan presentar nuevos hechos de violencia que podr\u00edan tener desenlaces lamentables y generar &nbsp;una ruptura a\u00fan mayor del tejido social.<\/p>\n<p>Por ello, pidi\u00f3 a la Secretar\u00eda de Gobierno que coordine mesas de di\u00e1logo para atender de forma integral la problem\u00e1tica y se busquen los mecanismos necesarios para generar las condiciones de convivencias arm\u00f3nica entre los involucrados.<\/p>\n<p>A la Secretar\u00eda de Seguridad y Protecci\u00f3n Ciudadana solicit\u00f3 que en coordinaci\u00f3n con otras instancias de Gobierno, Seguridad y la Fiscal\u00eda General del Estado, as\u00ed como la autoridad municipal, establezcan un plan de seguridad basado en el respeto irrestricto a los derecho humanos.<\/p>\n<p>As\u00ed como a los sistemas normativos internos del municipio, para garantizar la paz social, el libre tr\u00e1nsito y dem\u00e1s derechos humanos; asimismo se le requiri\u00f3 a la Fiscal\u00eda que a la brevedad realice las acciones necesarias para investigar los delitos que se hayan cometido.<\/p>\n<p>Al Instituto Estatal de Educaci\u00f3n P\u00fablica de Oaxaca (IEEPO) demand\u00f3 que en coordinaci\u00f3n con las otras instancias del Gobierno del Estado realice las acciones necesarias para que se pueda brindar con normalidad el servicio educativo en la comunidad.<\/p>\n<p>Por otro lado, al Comisionado Municipal Provisional de Santiago Atitl\u00e1n, Mixe, se le requiri\u00f3 que dentro del \u00e1mbito de sus atribuciones legales y en coordinaci\u00f3n con otras instituciones del Estado, as\u00ed como con los actores sociales y ciudadan\u00eda contribuya en generar condiciones de paz, seguridad y consenso que permita continuar la vida comunitaria.<\/p>\n<p>Llam\u00f3 a las personas de Santiago Atitl\u00e1n Mixe para que antepongan el inter\u00e9s com\u00fan de la poblaci\u00f3n y el di\u00e1logo como medio para solucionar el conflicto existente y expuso que el conflicto en este municipio es derivado de una problem\u00e1tica intermunicipal debido a que no se ha logrado elegir a sus autoridades conforme el procedimiento que marca el r\u00e9gimen de&nbsp; Sistemas Normativos Internos, por lo que actualmente la figura de autoridad la ejerce el Comisionado Municipal Provisional y a pesar de ello persisten las confrontaciones y conflictos entre los habitantes.<\/p>\n","protected":false},"excerpt":{"rendered":"<p>Redacci\u00f3n\/Zona Roja. Oaxaca de Ju\u00e1rez, Oax., a 6 de abril de 2023.- Ante la escasa&hellip;<\/p>\n","protected":false},"author":2,"featured_media":52126,"comment_status":"closed","ping_status":"open","sticky":false,"template":"","format":"standard","meta":{"_lmt_disableupdate":"","_lmt_disable":"","_jetpack_memberships_contains_paid_content":false,"footnotes":""},"categories":[109,47],"tags":[2233],"class_list":["post-53650","post","type-post","status-publish","format-standard","has-post-thumbnail","hentry","category-minuto-a-minuto","category-zona-gris","tag-santiago-atitlan"],"jetpack_featured_media_url":"https:\/\/zonaroja.com.mx\/wp-content\/uploads\/2023\/02\/Santiago-Atitlan-Oaxaca-Oax.jpeg","jetpack_sharing_enabled":true,"_links":{"self":[{"href":"https:\/\/zonaroja.com.mx\/index.php?rest_route=\/wp\/v2\/posts\/53650","targetHints":{"allow":["GET"]}}],"collection":[{"href":"https:\/\/zonaroja.com.mx\/index.php?rest_route=\/wp\/v2\/posts"}],"about":[{"href":"https:\/\/zonaroja.com.mx\/index.php?rest_route=\/wp\/v2\/types\/post"}],"author":[{"embeddable":true,"href":"https:\/\/zonaroja.com.mx\/index.php?rest_route=\/wp\/v2\/users\/2"}],"replies":[{"embeddable":true,"href":"https:\/\/zonaroja.com.mx\/index.php?rest_route=%2Fwp%2Fv2%2Fcomments&post=53650"}],"version-history":[{"count":2,"href":"https:\/\/zonaroja.com.mx\/index.php?rest_route=\/wp\/v2\/posts\/53650\/revisions"}],"predecessor-version":[{"id":53661,"href":"https:\/\/zonaroja.com.mx\/index.php?rest_route=\/wp\/v2\/posts\/53650\/revisions\/53661"}],"wp:featuredmedia":[{"embeddable":true,"href":"https:\/\/zonaroja.com.mx\/index.php?rest_route=\/wp\/v2\/media\/52126"}],"wp:attachment":[{"href":"https:\/\/zonaroja.com.mx\/index.php?rest_route=%2Fwp%2Fv2%2Fmedia&parent=53650"}],"wp:term":[{"taxonomy":"category","embeddable":true,"href":"https:\/\/zonaroja.com.mx\/index.php?rest_route=%2Fwp%2Fv2%2Fcategories&post=53650"},{"taxonomy":"post_tag","embeddable":true,"href":"https:\/\/zonaroja.com.mx\/index.php?rest_route=%2Fwp%2Fv2%2Ftags&post=53650"}],"curies":[{"name":"wp","href":"https:\/\/api.w.org\/{rel}","templated":true}]}}