{"id":53653,"date":"2023-04-06T11:57:24","date_gmt":"2023-04-06T16:57:24","guid":{"rendered":"http:\/\/www.zonaroja.com.mx\/?p=53653"},"modified":"2023-04-06T13:31:22","modified_gmt":"2023-04-06T18:31:22","slug":"53653","status":"publish","type":"post","link":"https:\/\/zonaroja.com.mx\/?p=53653","title":{"rendered":"El Salvador califica de \u00abcrimen de Estado\u00bb la muerte de 40 migrantes en Chihuahua"},"content":{"rendered":"<p>Redacci\u00f3n\/Zona Roja Cdmx.<\/p>\n<p>Ciudad de M\u00e9xico, a 6 de abril de 2023.- El Salvador calific\u00f3 de \u00abcrimen de Estado\u00bb la muerte de 40 migrantes en el incendio ocurrido la semana pasada en un centro de detenci\u00f3n de la localidad fronteriza de Ciudad Ju\u00e1rez y exigi\u00f3 la destituci\u00f3n del titular del Instituto Nacional de Migraci\u00f3n de M\u00e9xico.<\/p>\n<p>As\u00ed lo manifest\u00f3 la noche del lunes la viceministra de Di\u00e1spora y Movilidad Humana de El Salvador, Cindy Portal, desde Ciudad Ju\u00e1rez, adonde viaj\u00f3 para tramitar la repatriaci\u00f3n de los siete salvadore\u00f1os que murieron en el incendio y prestarle apoyo a los heridos y sus familiares.<\/p>\n<p>\u00abEl Salvador exige una condena ante ese crimen que lo cataloga como un crimen de Estado\u00bb, dijo a la prensa desde las afueras de la oficina de la Fiscal\u00eda General, adonde acudi\u00f3 para obtener informaci\u00f3n oficial sobre los hechos.<\/p>\n<p>Al rechazar el manejo del caso por parte de las autoridades mexicanas, la viceministra centroamericana sostuvo que tanto el Instituto Nacional de Migraci\u00f3n de M\u00e9xico (INM) como las secretar\u00edas de Gobernaci\u00f3n y Relaciones Exteriores se reparten la responsabilidad.<\/p>\n<p>\u00abNosotros no queremos que los responsables sean los de pies descalzos. Nosotros queremos que sean aquellos que son los tomadores de decisiones\u00bb, afirm\u00f3 Portal al exigir la destituci\u00f3n y procesamiento del titular del INM, Francisco Gardu\u00f1o, al que llam\u00f3 \u00abirresponsable\u00bb.<\/p>\n<p>El gobierno mexicano hasta el momento no ha ofrecido comentarios sobre la declaraci\u00f3n de la viceministra salvadore\u00f1a.<\/p>\n<p>La Secretar\u00eda de Seguridad y Protecci\u00f3n Ciudadana anunci\u00f3 la v\u00edspera que la cifra de decesos por el incendio ocurrido el 27 de marzo se elev\u00f3 a 40 tras la muerte de uno de los 28 heridos, quien falleci\u00f3 durante el traslado a\u00e9reo desde Ciudad Ju\u00e1rez al Centro Nacional de Investigaci\u00f3n y Atenci\u00f3n a Quemados de la Ciudad de M\u00e9xico. Las autoridades no informaron la identidad ni la nacionalidad del fallecido ni cu\u00e1ndo muri\u00f3.<\/p>\n<p>La mayor\u00eda de las v\u00edctimas del incendio eran de Guatemala, Venezuela, Honduras y El Salvador.<\/p>\n<p>Del total de los lesionados a\u00fan permanecen hospitalizados 23 en centros de salud de Ciudad Ju\u00e1rez y la Ciudad de M\u00e9xico.<\/p>\n<p>Por el caso se dictaron \u00f3rdenes de arresto contra seis personas quienes enfrentan cargos por homicidio y lesiones. La fiscal\u00eda federal tambi\u00e9n investiga a otras personas.<\/p>\n<p>Entre los procesados est\u00e1n tres funcionarios del INM, dos guardias de seguridad del centro de detenci\u00f3n y un migrante que es se\u00f1alado de haber iniciado el fuego.<\/p>\n<p>Un video de una c\u00e1mara de seguridad del interior de la instalaci\u00f3n de Ciudad Ju\u00e1rez mostr\u00f3 a unos guardias que sal\u00edan caminando cuando comenz\u00f3 el incendio en la celda en la que estaban recluidos decenas de migrantes sin hacer el m\u00e1s m\u00ednimo intento de liberarlos. Se desconoce si esos guardias ten\u00edan las llaves de la celda.<\/p>\n<p>(Informaci\u00f3n de AP en \u201cMilenio\u201d)<\/p>\n","protected":false},"excerpt":{"rendered":"<p>Redacci\u00f3n\/Zona Roja Cdmx. Ciudad de M\u00e9xico, a 6 de abril de 2023.- El Salvador calific\u00f3&hellip;<\/p>\n","protected":false},"author":2,"featured_media":53380,"comment_status":"closed","ping_status":"open","sticky":false,"template":"","format":"standard","meta":{"_lmt_disableupdate":"","_lmt_disable":"","_jetpack_memberships_contains_paid_content":false,"footnotes":""},"categories":[109,47],"tags":[626],"class_list":["post-53653","post","type-post","status-publish","format-standard","has-post-thumbnail","hentry","category-minuto-a-minuto","category-zona-gris","tag-masacre-ciudad-juarez"],"jetpack_featured_media_url":"https:\/\/zonaroja.com.mx\/wp-content\/uploads\/2023\/03\/migrantes-ciudad-juarez-muertos.jpg","jetpack_sharing_enabled":true,"_links":{"self":[{"href":"https:\/\/zonaroja.com.mx\/index.php?rest_route=\/wp\/v2\/posts\/53653","targetHints":{"allow":["GET"]}}],"collection":[{"href":"https:\/\/zonaroja.com.mx\/index.php?rest_route=\/wp\/v2\/posts"}],"about":[{"href":"https:\/\/zonaroja.com.mx\/index.php?rest_route=\/wp\/v2\/types\/post"}],"author":[{"embeddable":true,"href":"https:\/\/zonaroja.com.mx\/index.php?rest_route=\/wp\/v2\/users\/2"}],"replies":[{"embeddable":true,"href":"https:\/\/zonaroja.com.mx\/index.php?rest_route=%2Fwp%2Fv2%2Fcomments&post=53653"}],"version-history":[{"count":2,"href":"https:\/\/zonaroja.com.mx\/index.php?rest_route=\/wp\/v2\/posts\/53653\/revisions"}],"predecessor-version":[{"id":53679,"href":"https:\/\/zonaroja.com.mx\/index.php?rest_route=\/wp\/v2\/posts\/53653\/revisions\/53679"}],"wp:featuredmedia":[{"embeddable":true,"href":"https:\/\/zonaroja.com.mx\/index.php?rest_route=\/wp\/v2\/media\/53380"}],"wp:attachment":[{"href":"https:\/\/zonaroja.com.mx\/index.php?rest_route=%2Fwp%2Fv2%2Fmedia&parent=53653"}],"wp:term":[{"taxonomy":"category","embeddable":true,"href":"https:\/\/zonaroja.com.mx\/index.php?rest_route=%2Fwp%2Fv2%2Fcategories&post=53653"},{"taxonomy":"post_tag","embeddable":true,"href":"https:\/\/zonaroja.com.mx\/index.php?rest_route=%2Fwp%2Fv2%2Ftags&post=53653"}],"curies":[{"name":"wp","href":"https:\/\/api.w.org\/{rel}","templated":true}]}}