{"id":53667,"date":"2023-04-07T09:00:00","date_gmt":"2023-04-07T14:00:00","guid":{"rendered":"http:\/\/www.zonaroja.com.mx\/?p=53667"},"modified":"2023-04-07T08:49:56","modified_gmt":"2023-04-07T13:49:56","slug":"53667","status":"publish","type":"post","link":"https:\/\/zonaroja.com.mx\/?p=53667","title":{"rendered":"Agrava desaparici\u00f3n de personas, suman otras 15 en cinco d\u00edas"},"content":{"rendered":"<p>Yuridiana Sosa\/Zona Roja.<\/p>\n<p>Oaxaca de Ju\u00e1rez, Oax., a 7 de abril de 2023.- La desaparici\u00f3n de personas en Oaxaca se agrava, pues tan s\u00f3lo en el transcurso de seis d\u00edas las autoridades de Oaxaca han confirmado la no localizaci\u00f3n de al menos 15 personas en la entidad, que en su mayor\u00eda son mujeres y menores de edad.<\/p>\n<p>De acuerdo a las fichas publicadas este mes por la Unidad de B\u00fasqueda de Personas No Localizadas, desde el pasado 1 de abril a este 6 de abril, aproximadamente 10 mujeres no han vuelto a casa, cuyos casos se investigan para descartar delitos.<\/p>\n<p>El caso m\u00e1s reciente es el de Dulce Helen Jim\u00e9nez Hern\u00e1ndez, de 16 a\u00f1os, desaparecida el 6 de abril en San Andr\u00e9s Huay\u00e1pam; otro es el de&nbsp; es Flor Arely Gir\u00f3n Bautista, de 26 a\u00f1os de edad, quien sali\u00f3 de su casa el 3 de abril, en el municipio de San Mart\u00edn Huamel\u00falpam, distrito de Tlaxiaco. Una m\u00e1s es Perla Berenice V\u00e1squez Garc\u00eda, de 15 a\u00f1os, desaparecida el 29 de marzo en San Juan Cacahuatepec.<\/p>\n<p>Familiares piden ayuda para localizar a Sof\u00eda Danae Ruiz Montes, de seis a\u00f1os de edad, vista por \u00faltima vez el pasado 28 de marzo en la Ex Hacienda Candiani, iba en compa\u00f1\u00eda del ciudadano Germ\u00e1n Ruiz Rosales y la ciudadana Dioscelina Ruiz Rosales.<\/p>\n<p>La ficha para encontrar a Mar\u00eda Jos\u00e9 Arellanes Jarqu\u00edn de 17 a\u00f1os se emiti\u00f3 esta semana, aunque se desconoce su paradero desde el 16 de marzo cuando se le vio en la calle Amapolas de la colonia Reforma, en la capital del estado.<br \/>\nLa Unidad de B\u00fasqueda report\u00f3 la desaparici\u00f3n m\u00faltiple de Cruz Mar\u00eda Cervantes Mariscal de 30 a\u00f1os, quien iba junto con Yahir y Wendy Nayeli, ambos de apellidos Pantoja Cervantes de 13 a\u00f1os y 10 a\u00f1os, respectivamente, vistos por \u00faltima vez el 1 de abril en Chiquihuitl\u00e1n de Benito Ju\u00e1rez, Cuicatl\u00e1n.<\/p>\n<p>As\u00ed como la desaparici\u00f3n doble en el caso de Marisol Hern\u00e1ndez Nazarena y Mariana Hern\u00e1ndez Nazario de 29 y ocho a\u00f1os de edad, respectivamente, vistas por \u00faltima vez el 27 de marzo en el Barrio Santa Cruz de Santo Domingo Chihuit\u00e1n.<\/p>\n<p>Mientras que Abril Mar\u00eda Fuentevilla Fonseca de 14 a\u00f1os fue vista por \u00faltima vez el 1 de abril en la colonia Las Pe\u00f1as de Villa de Zaachila y Mar\u00eda Elena F\u00e9lix Nicol\u00e1s, de 19 a\u00f1os, el 2 de abril en San Lucas Ojitl\u00e1n.<\/p>\n<p>VARONES<\/p>\n<p>A la lista de difusi\u00f3n de personas no localizadas se suman los casos de Eliel Alberto Castro Bustos, de 24 a\u00f1os, visto por \u00faltima vez el 1 de abril en San Francisco Lachigol\u00f3; Isaac Rogelio Liquidano Guti\u00e9rrez, de 15 a\u00f1os, el 2 de abril aproximadamente a las 19:00 horas en la cancha de b\u00e1squetbol del fraccionamiento Crucero en Santa Mar\u00eda Huatulco.<br \/>\nTambi\u00e9n familiares piden ayuda para dar con el paradero de Jos\u00e9 Luis G\u00f3mez Rodr\u00edguez, d 55 a\u00f1os, desaparecido el 2 de abril en la colonia Arboledas del municipio de Santa Cruz Xoxocotl\u00e1n; iba a bordo de su veh\u00edculo marca Nissan tipo versa de color gris.<br \/>\nAs\u00ed como para Jos\u00e9 Alexis Desgarennes Garc\u00eda, de 39 a\u00f1os, visto por \u00faltima vez el 2 de abril en la colonia Sergio M\u00e9ndez Arceo en San Juan Bautista Tuxtepec y para localizar a El\u00edas Mart\u00ednez Mart\u00ednez, de &nbsp;31 a\u00f1os, visto por \u00faltima vez desde el 25 de marzo en la colonia Estado de Oaxaca de la agencia de San Mart\u00edn Mexic\u00e1pam de Oaxaca de Ju\u00e1rez.<\/p>\n","protected":false},"excerpt":{"rendered":"<p>Yuridiana Sosa\/Zona Roja. Oaxaca de Ju\u00e1rez, Oax., a 7 de abril de 2023.- La desaparici\u00f3n&hellip;<\/p>\n","protected":false},"author":2,"featured_media":53725,"comment_status":"closed","ping_status":"open","sticky":false,"template":"","format":"standard","meta":{"_lmt_disableupdate":"","_lmt_disable":"","_jetpack_memberships_contains_paid_content":false,"footnotes":""},"categories":[109,47],"tags":[455],"class_list":["post-53667","post","type-post","status-publish","format-standard","has-post-thumbnail","hentry","category-minuto-a-minuto","category-zona-gris","tag-mujeres-desaparecidas-oaxaca"],"jetpack_featured_media_url":"https:\/\/zonaroja.com.mx\/wp-content\/uploads\/2023\/04\/Mujeres-desaparecidas-Oaxaca.jpg","jetpack_sharing_enabled":true,"_links":{"self":[{"href":"https:\/\/zonaroja.com.mx\/index.php?rest_route=\/wp\/v2\/posts\/53667","targetHints":{"allow":["GET"]}}],"collection":[{"href":"https:\/\/zonaroja.com.mx\/index.php?rest_route=\/wp\/v2\/posts"}],"about":[{"href":"https:\/\/zonaroja.com.mx\/index.php?rest_route=\/wp\/v2\/types\/post"}],"author":[{"embeddable":true,"href":"https:\/\/zonaroja.com.mx\/index.php?rest_route=\/wp\/v2\/users\/2"}],"replies":[{"embeddable":true,"href":"https:\/\/zonaroja.com.mx\/index.php?rest_route=%2Fwp%2Fv2%2Fcomments&post=53667"}],"version-history":[{"count":7,"href":"https:\/\/zonaroja.com.mx\/index.php?rest_route=\/wp\/v2\/posts\/53667\/revisions"}],"predecessor-version":[{"id":53726,"href":"https:\/\/zonaroja.com.mx\/index.php?rest_route=\/wp\/v2\/posts\/53667\/revisions\/53726"}],"wp:featuredmedia":[{"embeddable":true,"href":"https:\/\/zonaroja.com.mx\/index.php?rest_route=\/wp\/v2\/media\/53725"}],"wp:attachment":[{"href":"https:\/\/zonaroja.com.mx\/index.php?rest_route=%2Fwp%2Fv2%2Fmedia&parent=53667"}],"wp:term":[{"taxonomy":"category","embeddable":true,"href":"https:\/\/zonaroja.com.mx\/index.php?rest_route=%2Fwp%2Fv2%2Fcategories&post=53667"},{"taxonomy":"post_tag","embeddable":true,"href":"https:\/\/zonaroja.com.mx\/index.php?rest_route=%2Fwp%2Fv2%2Ftags&post=53667"}],"curies":[{"name":"wp","href":"https:\/\/api.w.org\/{rel}","templated":true}]}}