{"id":5367,"date":"2019-11-03T07:55:53","date_gmt":"2019-11-03T13:55:53","guid":{"rendered":"http:\/\/www.zonaroja.com.mx\/?p=5367"},"modified":"2019-11-03T07:55:56","modified_gmt":"2019-11-03T13:55:56","slug":"responde-amlo-al-ejercito-no-permitire-golpe-de-estado","status":"publish","type":"post","link":"https:\/\/zonaroja.com.mx\/?p=5367","title":{"rendered":"\u00bfResponde AMLO al Ej\u00e9rcito?: no permitir\u00e9 golpe de Estado"},"content":{"rendered":"\n<p>Redacci\u00f3n\/Zona\nRoja Cdmx.<\/p>\n\n\n\n<p>Ciudad de\nM\u00e9xico, 3 de noviembre de 2019.- En lo que pareciera ser la respuesta a\ndeclaraciones de mandos de la Secretar\u00eda de la Defensa Nacional, el Presidente\nde M\u00e9xico, Andr\u00e9s Manuel L\u00f3pez Obrador afirm\u00f3 que el pueblo de M\u00e9xico lo\nrespalda y no permitir\u00e1 un golpe de Estado.<\/p>\n\n\n\n<p>Este es el\nmensaje que public\u00f3 ayer en sus redes sociales:<\/p>\n\n\n\n<p>\u201c\u00a1Qu\u00e9\nequivocados est\u00e1n los conservadores y sus halcones! Pudieron cometer la felon\u00eda\nde derrocar y asesinar a Madero porque este hombre bueno, Ap\u00f3stol de la\nDemocracia, no supo, o las circunstancias no se lo permitieron, apoyarse en una\nbase social que lo protegiera y lo respaldara.<\/p>\n\n\n\n<p>\u201cAhora es\ndistinto. Aunque son otras realidades y no debe caerse en la simplicidad de las\ncomparaciones, la transformaci\u00f3n que encabezo cuenta con el respaldo de una\nmayor\u00eda libre y consciente, justa y amante de la legalidad y de la paz, que no\npermitir\u00eda otro golpe de Estado en nuestro pa\u00eds.<\/p>\n\n\n\n<p>\u201cAqu\u00ed no hay\nla m\u00e1s m\u00ednima oportunidad para los Huertas, los Francos, los Hitler o los\nPinochet. El Mexico de hoy no es tierra f\u00e9rtil para el genocidio ni para\ncanallas que lo imploren.<\/p>\n\n\n\n<p>\u201cPor cierto,\nles recomiendo leer la f\u00e1bula de Esopo Las ranas pidiendo rey\u201d.<\/p>\n\n\n\n<p>EL PLEITO<\/p>\n\n\n\n<p>La semana\npasada se hizo p\u00fablico el discurso con el cual un general del Ej\u00e9rcito, Carlos\nGayt\u00e1n Ochoa, critic\u00f3 al actual gobierno federal.<\/p>\n\n\n\n<p>En un\ndesayuno con otros generales y el titular de la Secretar\u00eda de la Defensa\nNacional (Sedena), Luis Cresencio Sandoval, el mando castrense asegur\u00f3 que ante\nla \u201csituaci\u00f3n actual\u201d se sienten \u201cagraviados como mexicanos y ofendidos como\nsoldados\u201d.<\/p>\n\n\n\n<p>\u201cActualmente\nvivimos en una sociedad polarizada pol\u00edticamente, porque la ideolog\u00eda\ndominante, que no mayoritaria, se sustenta en corrientes pretendidamente de\nizquierda, que acumularon durante a\u00f1os un gran resentimiento\u201d, dijo el general\nGayt\u00e1n Ochoa, seg\u00fan public\u00f3 el diario \u201cLa Jornada\u201d.<\/p>\n\n\n\n<p>Tras indicar\nque el hoy titular del Ejecutivo \u201cha sido empoderado legal y leg\u00edtimamente\u201d, el\nmilitar mencion\u00f3 que los fr\u00e1giles mecanismos de contrapeso existentes han\npermitido un fortalecimiento del presidente \u201cque viene propiciando decisiones\nestrat\u00e9gicas que no han convencido a todos, para decirlo con suavidad\u201d.<\/p>\n\n\n\n<p>Agreg\u00f3 que\nlos integrantes del Ej\u00e9rcito fueron formados \u201ccon valores axiol\u00f3gicos s\u00f3lidos,\nque chocan con las formas con que hoy se conduce al pa\u00eds\u201d.<\/p>\n\n\n\n<p>L\u00f3pez Obrador\nfue consultado el jueves pasado sobre el discurso de Gayt\u00e1n Ochoa, y respondi\u00f3\nque se trataba de una visi\u00f3n personal del general y que \u00e9l no estaba de\nacuerdo.<\/p>\n\n\n\n<p>\u201cAcerca de\nriesgos de fracturas en el Ej\u00e9rcito, eso no existe (\u2026) es un Ej\u00e9rcito leal\u201d,\ndijo L\u00f3pez Obrador; adem\u00e1s, explic\u00f3 que ten\u00eda otra versi\u00f3n de la reuni\u00f3n que le\ndio el propio titular de la Sedena.<\/p>\n","protected":false},"excerpt":{"rendered":"<p>Redacci\u00f3n\/Zona Roja Cdmx. Ciudad de M\u00e9xico, 3 de noviembre de 2019.- En lo que pareciera&hellip;<\/p>\n","protected":false},"author":2,"featured_media":5368,"comment_status":"closed","ping_status":"open","sticky":false,"template":"","format":"standard","meta":{"_lmt_disableupdate":"","_lmt_disable":"","_jetpack_memberships_contains_paid_content":false,"footnotes":""},"categories":[109,47],"tags":[143],"class_list":["post-5367","post","type-post","status-publish","format-standard","has-post-thumbnail","hentry","category-minuto-a-minuto","category-zona-gris","tag-andres-manuel-lopez-obrador"],"jetpack_featured_media_url":"https:\/\/zonaroja.com.mx\/wp-content\/uploads\/2019\/11\/Sedena.jpg","jetpack_sharing_enabled":true,"_links":{"self":[{"href":"https:\/\/zonaroja.com.mx\/index.php?rest_route=\/wp\/v2\/posts\/5367","targetHints":{"allow":["GET"]}}],"collection":[{"href":"https:\/\/zonaroja.com.mx\/index.php?rest_route=\/wp\/v2\/posts"}],"about":[{"href":"https:\/\/zonaroja.com.mx\/index.php?rest_route=\/wp\/v2\/types\/post"}],"author":[{"embeddable":true,"href":"https:\/\/zonaroja.com.mx\/index.php?rest_route=\/wp\/v2\/users\/2"}],"replies":[{"embeddable":true,"href":"https:\/\/zonaroja.com.mx\/index.php?rest_route=%2Fwp%2Fv2%2Fcomments&post=5367"}],"version-history":[{"count":1,"href":"https:\/\/zonaroja.com.mx\/index.php?rest_route=\/wp\/v2\/posts\/5367\/revisions"}],"predecessor-version":[{"id":5369,"href":"https:\/\/zonaroja.com.mx\/index.php?rest_route=\/wp\/v2\/posts\/5367\/revisions\/5369"}],"wp:featuredmedia":[{"embeddable":true,"href":"https:\/\/zonaroja.com.mx\/index.php?rest_route=\/wp\/v2\/media\/5368"}],"wp:attachment":[{"href":"https:\/\/zonaroja.com.mx\/index.php?rest_route=%2Fwp%2Fv2%2Fmedia&parent=5367"}],"wp:term":[{"taxonomy":"category","embeddable":true,"href":"https:\/\/zonaroja.com.mx\/index.php?rest_route=%2Fwp%2Fv2%2Fcategories&post=5367"},{"taxonomy":"post_tag","embeddable":true,"href":"https:\/\/zonaroja.com.mx\/index.php?rest_route=%2Fwp%2Fv2%2Ftags&post=5367"}],"curies":[{"name":"wp","href":"https:\/\/api.w.org\/{rel}","templated":true}]}}