{"id":53675,"date":"2023-04-06T13:13:54","date_gmt":"2023-04-06T18:13:54","guid":{"rendered":"http:\/\/www.zonaroja.com.mx\/?p=53675"},"modified":"2023-04-06T13:13:56","modified_gmt":"2023-04-06T18:13:56","slug":"periodista-de-tlaxiaco-denuncia-agresion-interviene-la-fiscalia","status":"publish","type":"post","link":"https:\/\/zonaroja.com.mx\/?p=53675","title":{"rendered":"Periodista de Tlaxiaco denuncia agresi\u00f3n; interviene la Fiscal\u00eda"},"content":{"rendered":"\n<p>Yuridiana Sosa\/Zona Roja.<\/p>\n\n\n\n<p>Oaxaca de Ju\u00e1rez, Oax., a 6 de abril de 2023.- La violencia contra el gremio period\u00edstico en Oaxaca no cesa y este mi\u00e9rcoles el reportero Alain Albarr\u00e1n Granados, de la estaci\u00f3n de radio Poderosa 100.5 F.M. y corresponsal del diario \u201cEl Imparcial\u201d de Oaxaca, denunci\u00f3 que fue golpeado brutalmente. <\/p>\n\n\n\n<p>El gremio period\u00edstico en Oaxaca conden\u00f3 los hechos violentos y demand\u00f3 las investigaciones oportunas e inmediatas para que se ejerza justicia sobre este caso, en el que adem\u00e1s del periodista, se pone en riesgo la integridad de su familia.<\/p>\n\n\n\n<p>En tanto, la Fiscal\u00eda General del Estado de Oaxaca confirm\u00f3 que indaga el caso desde el miento que tuvo conocimiento de los hechos. <\/p>\n\n\n\n<p>De acuerdo con informaci\u00f3n del director de noticieros de La Poderosa de Tlaxiaco, Javier Guerrero, la agresi\u00f3n se registr\u00f3 ayer entre las 13:10 y 13:30 horas, metros antes del domicilio de Albarr\u00e1n Granados, ubicado en el barrio de San Diego, a la altura del puente del bulevar Reyes Esp\u00edndola.<\/p>\n\n\n\n<p>El ataque provino de conocido sujeto, quien le dio alcance en su motocicleta y le cerr\u00f3 el paso para luego hacer reclamos y tundirlo a golpes, caus\u00e1ndole una lesi\u00f3n en la frente, que le provoc\u00f3 sangrado. Ante el hecho, el agresor huy\u00f3, lo que permiti\u00f3 al periodista solicitar el auxilio de la polic\u00eda municipal. <\/p>\n\n\n\n<p>Sin embargo, en ese lapso, otro grupo de personas, entre ellas dos mujeres presuntamente familiares del agresor, lo volvieron a golpear con sa\u00f1a en presencia de los elementos de seguridad, quienes en su intento de rescatar a Alain Albarr\u00e1n tambi\u00e9n resultaron golpeados.<\/p>\n\n\n\n<p>Luego de ponerlo a salvo, el reportero fue trasladado por la Polic\u00eda Municipal al Ministerio P\u00fablico para interponer la denuncia penal correspondiente contra quien o quienes resulten responsables.<\/p>\n\n\n\n<p>Pero previo a esta agresi\u00f3n, la familia de Albarr\u00e1n Granados, sus hijas y ex pareja, han recibido amenazas y recientemente agresiones f\u00edsicas, esto en la capital del estado.<\/p>\n\n\n\n<p>Ambos hechos pudieran estar relacionados, concluye el periodista, quien independientemente de la labor informativa auxilia y orienta a personas de distintos g\u00e9neros que son v\u00edctimas de violencia intrafamiliar o sexual.<\/p>\n\n\n\n<p>\u201c\u00a1Cese las agresiones en su contra!\u201d, se pronunci\u00f3 el gremio, quien adem\u00e1s responsabiliz\u00f3 a los agresores de lo que suceda en contra del bienestar f\u00edsico y moral del  compa\u00f1ero Alain Albarr\u00e1n Granados.<\/p>\n","protected":false},"excerpt":{"rendered":"<p>Yuridiana Sosa\/Zona Roja. Oaxaca de Ju\u00e1rez, Oax., a 6 de abril de 2023.- La violencia&hellip;<\/p>\n","protected":false},"author":2,"featured_media":51802,"comment_status":"closed","ping_status":"open","sticky":false,"template":"","format":"standard","meta":{"_lmt_disableupdate":"","_lmt_disable":"","_jetpack_memberships_contains_paid_content":false,"footnotes":""},"categories":[109,47],"tags":[],"class_list":["post-53675","post","type-post","status-publish","format-standard","has-post-thumbnail","hentry","category-minuto-a-minuto","category-zona-gris"],"jetpack_featured_media_url":"https:\/\/zonaroja.com.mx\/wp-content\/uploads\/2023\/02\/Periodistas-Oaxaca-periodismo-Mexico.jpg","jetpack_sharing_enabled":true,"_links":{"self":[{"href":"https:\/\/zonaroja.com.mx\/index.php?rest_route=\/wp\/v2\/posts\/53675","targetHints":{"allow":["GET"]}}],"collection":[{"href":"https:\/\/zonaroja.com.mx\/index.php?rest_route=\/wp\/v2\/posts"}],"about":[{"href":"https:\/\/zonaroja.com.mx\/index.php?rest_route=\/wp\/v2\/types\/post"}],"author":[{"embeddable":true,"href":"https:\/\/zonaroja.com.mx\/index.php?rest_route=\/wp\/v2\/users\/2"}],"replies":[{"embeddable":true,"href":"https:\/\/zonaroja.com.mx\/index.php?rest_route=%2Fwp%2Fv2%2Fcomments&post=53675"}],"version-history":[{"count":1,"href":"https:\/\/zonaroja.com.mx\/index.php?rest_route=\/wp\/v2\/posts\/53675\/revisions"}],"predecessor-version":[{"id":53676,"href":"https:\/\/zonaroja.com.mx\/index.php?rest_route=\/wp\/v2\/posts\/53675\/revisions\/53676"}],"wp:featuredmedia":[{"embeddable":true,"href":"https:\/\/zonaroja.com.mx\/index.php?rest_route=\/wp\/v2\/media\/51802"}],"wp:attachment":[{"href":"https:\/\/zonaroja.com.mx\/index.php?rest_route=%2Fwp%2Fv2%2Fmedia&parent=53675"}],"wp:term":[{"taxonomy":"category","embeddable":true,"href":"https:\/\/zonaroja.com.mx\/index.php?rest_route=%2Fwp%2Fv2%2Fcategories&post=53675"},{"taxonomy":"post_tag","embeddable":true,"href":"https:\/\/zonaroja.com.mx\/index.php?rest_route=%2Fwp%2Fv2%2Ftags&post=53675"}],"curies":[{"name":"wp","href":"https:\/\/api.w.org\/{rel}","templated":true}]}}